{"id":17358,"date":"2025-05-22T12:56:00","date_gmt":"2025-05-22T15:56:00","guid":{"rendered":"https:\/\/italicohomes.com\/?p=17358"},"modified":"2025-05-22T12:56:00","modified_gmt":"2025-05-22T15:56:00","slug":"arquiteto-assina-projeto-neoclassico-no-alphaville-dom-pedro-0-campinas","status":"publish","type":"post","link":"https:\/\/italicohomes.com\/en\/blog\/arquiteto-assina-projeto-neoclassico-no-alphaville-dom-pedro-0-campinas\/","title":{"rendered":"Arquiteto Assina Projeto Neocl\u00e1ssico no Alphaville Dom Pedro 0 \u2013 Campinas"},"content":{"rendered":"<p data-start=\"79\" data-end=\"670\"><span class=\"s1\">Se voc\u00ea esta buscando Arquiteto Assina Projeto Neocl\u00e1ssico no Alphaville Dom Pedro 0 \u2013 Campinas, ent\u00e3o voc\u00ea est\u00e1 no melhor site!<\/span><\/p>\n<p data-start=\"79\" data-end=\"670\">Um novo projeto de alto padr\u00e3o tem chamado aten\u00e7\u00e3o no cen\u00e1rio arquitet\u00f4nico de Campinas: um arquiteto renomado assina uma resid\u00eancia no estilo neocl\u00e1ssico no Alphaville Dom Pedro 0, um dos condom\u00ednios mais exclusivos da regi\u00e3o.<\/p>\n<p data-start=\"79\" data-end=\"670\">Com tra\u00e7os imponentes e simetria marcante, a casa expressa sofistica\u00e7\u00e3o atemporal aliada \u00e0 funcionalidade contempor\u00e2nea.<\/p>\n<p data-start=\"79\" data-end=\"670\"><img fetchpriority=\"high\" decoding=\"async\" class=\"alignnone wp-image-17361 size-large\" src=\"https:\/\/italicohomes.com\/wp-content\/uploads\/2025\/05\/arquiteto-assina-projeto-neoclassico-no-alphaville-dom-pedro-0-campinas-1-1024x576.jpg\" alt=\"Arquiteto Assina Projeto Neocl\u00e1ssico no Alphaville Dom Pedro 0 \u2013 Campinas\" width=\"640\" height=\"360\" srcset=\"https:\/\/italicohomes.com\/wp-content\/uploads\/2025\/05\/arquiteto-assina-projeto-neoclassico-no-alphaville-dom-pedro-0-campinas-1-1024x576.jpg 1024w, https:\/\/italicohomes.com\/wp-content\/uploads\/2025\/05\/arquiteto-assina-projeto-neoclassico-no-alphaville-dom-pedro-0-campinas-1-300x169.jpg 300w, https:\/\/italicohomes.com\/wp-content\/uploads\/2025\/05\/arquiteto-assina-projeto-neoclassico-no-alphaville-dom-pedro-0-campinas-1-768x432.jpg 768w, https:\/\/italicohomes.com\/wp-content\/uploads\/2025\/05\/arquiteto-assina-projeto-neoclassico-no-alphaville-dom-pedro-0-campinas-1-1536x864.jpg 1536w, https:\/\/italicohomes.com\/wp-content\/uploads\/2025\/05\/arquiteto-assina-projeto-neoclassico-no-alphaville-dom-pedro-0-campinas-1-18x10.jpg 18w, https:\/\/italicohomes.com\/wp-content\/uploads\/2025\/05\/arquiteto-assina-projeto-neoclassico-no-alphaville-dom-pedro-0-campinas-1.jpg 1920w\" sizes=\"(max-width: 640px) 100vw, 640px\" \/><\/p>\n<p data-start=\"79\" data-end=\"670\">O estilo neocl\u00e1ssico, que resgata elementos da arquitetura greco-romana como colunas, front\u00f5es e molduras ornamentadas, ganha uma releitura atual atrav\u00e9s do uso de materiais nobres e tecnologia de ponta em acabamentos e automa\u00e7\u00e3o residencial.<\/p>\n<p data-start=\"672\" data-end=\"1361\" data-is-last-node=\"\" data-is-only-node=\"\">O projeto foi pensado para valorizar a impon\u00eancia da fachada e a integra\u00e7\u00e3o com os jardins, oferecendo aos moradores uma experi\u00eancia est\u00e9tica e sensorial completa.<\/p>\n<p data-pm-slice=\"1 1 []\">Ent\u00e3o, nossa equipe est\u00e1 pronta para te atender e te ajudar com seu\u00a0<a href=\"https:\/\/italicohomes.com\/projetos\/\">projeto<\/a>.<\/p>\n<p data-pm-slice=\"1 1 []\">Nosso escrit\u00f3rio \u00e9 especialista em Projeto Neocl\u00e1ssico no Alphaville Dom Pedro 0 \u2013 Campinas.<\/p>\n<p data-start=\"672\" data-end=\"1361\" data-is-last-node=\"\" data-is-only-node=\"\"><img decoding=\"async\" class=\"alignnone wp-image-17360 size-large\" src=\"https:\/\/italicohomes.com\/wp-content\/uploads\/2025\/05\/arquiteto-assina-projeto-neoclassico-no-alphaville-dom-pedro-0-campinas-3-1024x576.jpg\" alt=\"Arquiteto Assina Projeto Neocl\u00e1ssico no Alphaville Dom Pedro 0 \u2013 Campinas\" width=\"640\" height=\"360\" srcset=\"https:\/\/italicohomes.com\/wp-content\/uploads\/2025\/05\/arquiteto-assina-projeto-neoclassico-no-alphaville-dom-pedro-0-campinas-3-1024x576.jpg 1024w, https:\/\/italicohomes.com\/wp-content\/uploads\/2025\/05\/arquiteto-assina-projeto-neoclassico-no-alphaville-dom-pedro-0-campinas-3-300x169.jpg 300w, https:\/\/italicohomes.com\/wp-content\/uploads\/2025\/05\/arquiteto-assina-projeto-neoclassico-no-alphaville-dom-pedro-0-campinas-3-768x432.jpg 768w, https:\/\/italicohomes.com\/wp-content\/uploads\/2025\/05\/arquiteto-assina-projeto-neoclassico-no-alphaville-dom-pedro-0-campinas-3-1536x864.jpg 1536w, https:\/\/italicohomes.com\/wp-content\/uploads\/2025\/05\/arquiteto-assina-projeto-neoclassico-no-alphaville-dom-pedro-0-campinas-3-18x10.jpg 18w, https:\/\/italicohomes.com\/wp-content\/uploads\/2025\/05\/arquiteto-assina-projeto-neoclassico-no-alphaville-dom-pedro-0-campinas-3.jpg 1920w\" sizes=\"(max-width: 640px) 100vw, 640px\" \/><\/p>\n<p data-start=\"672\" data-end=\"1361\" data-is-last-node=\"\" data-is-only-node=\"\"><span style=\"font-size: 16px;\">Dessa forma, se gostou desse projeto, nos chame em nosso <\/span><a style=\"font-size: 16px;\" href=\"https:\/\/api.whatsapp.com\/send\/?phone=5519981337909&amp;text=Ol%C3%A1%2C+gostaria+de+saber+mais+sobre+os+servi%C3%A7os+da+Italico&amp;app_absent=0\"><span class=\"s2\">WhatsApp,<\/span><\/a><span style=\"font-size: 16px;\"> vamos conversar sobre sua futura casa.<\/span><\/p>\n<p data-start=\"672\" data-end=\"1361\" data-is-last-node=\"\" data-is-only-node=\"\">A escolha pelo Alphaville Dom Pedro 0 n\u00e3o \u00e9 por acaso: seguran\u00e7a, infraestrutura de alto n\u00edvel e localiza\u00e7\u00e3o estrat\u00e9gica fazem do condom\u00ednio o cen\u00e1rio ideal para uma proposta arquitet\u00f4nica desse porte.<\/p>\n<p data-start=\"672\" data-end=\"1361\" data-is-last-node=\"\" data-is-only-node=\"\">O projeto j\u00e1 vem despertando o interesse de investidores e apreciadores da arquitetura cl\u00e1ssica com personalidade.<\/p>\n<p data-start=\"672\" data-end=\"1361\" data-is-last-node=\"\" data-is-only-node=\"\">Veja tamb\u00e9m essas <a href=\"https:\/\/www.youtube.com\/watch?v=KUpLod4Xur8\">fachadas para se inspirar<\/a>!<\/p>\n<p data-start=\"672\" data-end=\"1361\" data-is-last-node=\"\" data-is-only-node=\"\"><img decoding=\"async\" class=\"alignnone wp-image-17359 size-large\" src=\"https:\/\/italicohomes.com\/wp-content\/uploads\/2025\/05\/arquiteto-assina-projeto-neoclassico-no-alphaville-dom-pedro-0-campinas-2-1024x576.jpg\" alt=\"Arquiteto Assina Projeto Neocl\u00e1ssico no Alphaville Dom Pedro 0 \u2013 Campinas\" width=\"640\" height=\"360\" srcset=\"https:\/\/italicohomes.com\/wp-content\/uploads\/2025\/05\/arquiteto-assina-projeto-neoclassico-no-alphaville-dom-pedro-0-campinas-2-1024x576.jpg 1024w, https:\/\/italicohomes.com\/wp-content\/uploads\/2025\/05\/arquiteto-assina-projeto-neoclassico-no-alphaville-dom-pedro-0-campinas-2-300x169.jpg 300w, https:\/\/italicohomes.com\/wp-content\/uploads\/2025\/05\/arquiteto-assina-projeto-neoclassico-no-alphaville-dom-pedro-0-campinas-2-768x432.jpg 768w, https:\/\/italicohomes.com\/wp-content\/uploads\/2025\/05\/arquiteto-assina-projeto-neoclassico-no-alphaville-dom-pedro-0-campinas-2-1536x864.jpg 1536w, https:\/\/italicohomes.com\/wp-content\/uploads\/2025\/05\/arquiteto-assina-projeto-neoclassico-no-alphaville-dom-pedro-0-campinas-2-18x10.jpg 18w, https:\/\/italicohomes.com\/wp-content\/uploads\/2025\/05\/arquiteto-assina-projeto-neoclassico-no-alphaville-dom-pedro-0-campinas-2.jpg 1920w\" sizes=\"(max-width: 640px) 100vw, 640px\" \/><\/p>\n<p data-start=\"672\" data-end=\"1361\" data-is-last-node=\"\" data-is-only-node=\"\">Ao unir tradi\u00e7\u00e3o e inova\u00e7\u00e3o, essa resid\u00eancia neocl\u00e1ssica refor\u00e7a uma tend\u00eancia crescente no mercado de luxo em Campinas: a busca por obras autorais que entregam identidade, eleg\u00e2ncia e excel\u00eancia construtiva.<\/p>\n<p><span class=\"s1\">Entre em contato agora mesmo atrav\u00e9s do\u00a0WhatsApp: (19) 98133-7909 ou Clique no Link\u00a0<a href=\"https:\/\/wa.me\/5519981337909\"><span class=\"s3\">https:\/\/wa.me\/5519981337909<\/span><\/a><\/span><\/p>\n<h3 class=\"p1\"><span class=\"s3\">Al\u00e9m disso, conhe\u00e7a tamb\u00e9m nossas redes sociais:<\/span><\/h3>\n<p class=\"p1\"><span class=\"s4\"><a href=\"https:\/\/www.youtube.com\/c\/ItalicoSpecialHomes\/videos\">Youtube<\/a><\/span><\/p>\n<p class=\"p1\"><span class=\"s4\"><a href=\"https:\/\/www.instagram.com\/italicohomes\/\">Instagram<\/a><\/span><\/p>\n<p class=\"p1\"><span class=\"s4\"><a href=\"https:\/\/br.pinterest.com\/italicohomes\/_created\/\">Pinterest<\/a><\/span><\/p>\n<p class=\"p1\"><span class=\"s3\">Queremos te ajudar a fazer o projeto dos seus sonhos.<\/span><\/p>\n<p class=\"p1\"><span class=\"s3\">Veja tamb\u00e9m outros Projetos no\u00a0Alphaville Dom Pedro 0 \u2013 Campinas em nosso <a href=\"https:\/\/italicohomes.com\/\"><span class=\"s4\">site.<\/span><\/a><\/span><\/p>","protected":false},"excerpt":{"rendered":"<p>Se voc\u00ea esta buscando Arquiteto Assina Projeto Neocl\u00e1ssico no Alphaville Dom Pedro 0 \u2013 Campinas, ent\u00e3o voc\u00ea est\u00e1 no melhor site! Um novo projeto de alto padr\u00e3o tem chamado aten\u00e7\u00e3o no cen\u00e1rio arquitet\u00f4nico de Campinas: um arquiteto renomado assina uma resid\u00eancia no estilo neocl\u00e1ssico no Alphaville Dom Pedro 0, um dos condom\u00ednios mais exclusivos da [&hellip;]<\/p>\n","protected":false},"author":2,"featured_media":17361,"comment_status":"closed","ping_status":"closed","sticky":false,"template":"","format":"standard","meta":{"_acf_changed":false,"footnotes":""},"categories":[2273,2276,23,910,28,43,2291,17,62,116],"tags":[70,2076,2079,2077,2078,220,1013,516,1297,1596,1465,2075,69,221,1598,154,38,39,58,111,79],"class_list":["post-17358","post","type-post","status-publish","format-standard","has-post-thumbnail","hentry","category-alphaville-dom-pedro-zero","category-arquiteto-campinas","category-arquitetura","category-campinas","category-estilo-classico","category-estilo-italico","category-estilo-neoclassico","category-inspiracao","category-inspiracoes","category-mansoes","tag-arquiteto-campinas","tag-arquiteto-casa-classica","tag-arquiteto-casa-classica-perto-de-mim","tag-arquiteto-casa-neoclassica","tag-arquiteto-casa-neoclassica-perto-de-mim","tag-arquiteto-classico","tag-arquiteto-de-casa-classica","tag-arquiteto-de-casas-classicas","tag-arquiteto-especialista-em-estilo-neoclassico","tag-arquiteto-neoclassico","tag-arquiteto-para-casa-neoclassica","tag-arquiteto-projeto-classico","tag-arquitetura-campinas","tag-arquitetura-classica","tag-arquitetura-neoclassica","tag-casa-de-luxo","tag-casa-luxuosa","tag-casa-neoclassica","tag-casas-alto-padrao","tag-casas-de-alto-padrao","tag-condominio-alto-padrao"],"acf":[],"yoast_head":"<!-- This site is optimized with the Yoast SEO Premium plugin v20.13 (Yoast SEO v27.4) - https:\/\/yoast.com\/product\/yoast-seo-premium-wordpress\/ -->\n<title>Arquiteto Assina Projeto Neocl\u00e1ssico no Alphaville Dom Pedro 0 \u2013 Campinas - Italico Special Homes<\/title>\n<meta name=\"description\" content=\"Veja essa Arquiteto Assina Projeto Neocl\u00e1ssico no Alphaville Dom Pedro 0 \u2013 Campinas. E conhe\u00e7a + de 2.600 projetos em nosso site.\" \/>\n<meta name=\"robots\" content=\"index, follow, max-snippet:-1, max-image-preview:large, max-video-preview:-1\" \/>\n<link rel=\"canonical\" href=\"https:\/\/italicohomes.com\/en\/blog\/arquiteto-assina-projeto-neoclassico-no-alphaville-dom-pedro-0-campinas\/\" \/>\n<meta property=\"og:locale\" content=\"en_US\" \/>\n<meta property=\"og:type\" content=\"article\" \/>\n<meta property=\"og:title\" content=\"Arquiteto Assina Projeto Neocl\u00e1ssico no Alphaville Dom Pedro 0 \u2013 Campinas\" \/>\n<meta property=\"og:description\" content=\"Veja essa Arquiteto Assina Projeto Neocl\u00e1ssico no Alphaville Dom Pedro 0 \u2013 Campinas. E conhe\u00e7a + de 2.600 projetos em nosso site.\" \/>\n<meta property=\"og:url\" content=\"https:\/\/italicohomes.com\/en\/blog\/arquiteto-assina-projeto-neoclassico-no-alphaville-dom-pedro-0-campinas\/\" \/>\n<meta property=\"og:site_name\" content=\"Italico Special Homes\" \/>\n<meta property=\"article:publisher\" content=\"https:\/\/www.facebook.com\/italicohomes\" \/>\n<meta property=\"article:published_time\" content=\"2025-05-22T15:56:00+00:00\" \/>\n<meta property=\"og:image\" content=\"https:\/\/italicohomes.com\/wp-content\/uploads\/2025\/05\/arquiteto-assina-projeto-neoclassico-no-alphaville-dom-pedro-0-campinas-1.jpg\" \/>\n\t<meta property=\"og:image:width\" content=\"1920\" \/>\n\t<meta property=\"og:image:height\" content=\"1080\" \/>\n\t<meta property=\"og:image:type\" content=\"image\/jpeg\" \/>\n<meta name=\"author\" content=\"italicohomes\" \/>\n<meta name=\"twitter:card\" content=\"summary_large_image\" \/>\n<script type=\"application\/ld+json\" class=\"yoast-schema-graph\">{\"@context\":\"https:\\\/\\\/schema.org\",\"@graph\":[{\"@type\":\"Article\",\"@id\":\"https:\\\/\\\/italicohomes.com\\\/blog\\\/arquiteto-assina-projeto-neoclassico-no-alphaville-dom-pedro-0-campinas\\\/#article\",\"isPartOf\":{\"@id\":\"https:\\\/\\\/italicohomes.com\\\/blog\\\/arquiteto-assina-projeto-neoclassico-no-alphaville-dom-pedro-0-campinas\\\/\"},\"author\":{\"name\":\"italicohomes\",\"@id\":\"https:\\\/\\\/italicohomes.com\\\/#\\\/schema\\\/person\\\/874ebc0a4d432656ef3f84edf6e5ac10\"},\"headline\":\"Arquiteto Assina Projeto Neocl\u00e1ssico no Alphaville Dom Pedro 0 \u2013 Campinas\",\"datePublished\":\"2025-05-22T15:56:00+00:00\",\"mainEntityOfPage\":{\"@id\":\"https:\\\/\\\/italicohomes.com\\\/blog\\\/arquiteto-assina-projeto-neoclassico-no-alphaville-dom-pedro-0-campinas\\\/\"},\"wordCount\":355,\"publisher\":{\"@id\":\"https:\\\/\\\/italicohomes.com\\\/#organization\"},\"image\":{\"@id\":\"https:\\\/\\\/italicohomes.com\\\/blog\\\/arquiteto-assina-projeto-neoclassico-no-alphaville-dom-pedro-0-campinas\\\/#primaryimage\"},\"thumbnailUrl\":\"https:\\\/\\\/italicohomes.com\\\/wp-content\\\/uploads\\\/2025\\\/05\\\/arquiteto-assina-projeto-neoclassico-no-alphaville-dom-pedro-0-campinas-1.jpg\",\"keywords\":[\"arquiteto campinas\",\"arquiteto casa classica\",\"arquiteto casa classica perto de mim\",\"arquiteto casa neoclassica\",\"arquiteto casa neoclassica perto de mim\",\"arquiteto cl\u00e1ssico\",\"arquiteto de casa cl\u00e1ssica\",\"arquiteto de casas cl\u00e1ssicas\",\"arquiteto especialista em estilo neocl\u00e1ssico\",\"arquiteto neocl\u00e1ssico\",\"arquiteto para casa neocl\u00e1ssica\",\"arquiteto projeto classico\",\"arquitetura campinas\",\"arquitetura cl\u00e1ssica\",\"arquitetura neocl\u00e1ssica\",\"casa de luxo\",\"casa luxuosa\",\"casa neoclassica\",\"casas alto padrao\",\"casas de alto padrao\",\"condom\u00ednio alto padr\u00e3o\"],\"articleSection\":[\"Alphaville Dom Pedro zero\",\"arquiteto campinas\",\"Arquitetura\",\"Campinas\",\"Estilo cl\u00e1ssico\",\"Estilo Italico\",\"Estilo Neocl\u00e1ssico\",\"Inspira\u00e7\u00e3o\",\"Inspira\u00e7\u00f5es\",\"Mansoes\"],\"inLanguage\":\"en-US\"},{\"@type\":\"WebPage\",\"@id\":\"https:\\\/\\\/italicohomes.com\\\/blog\\\/arquiteto-assina-projeto-neoclassico-no-alphaville-dom-pedro-0-campinas\\\/\",\"url\":\"https:\\\/\\\/italicohomes.com\\\/blog\\\/arquiteto-assina-projeto-neoclassico-no-alphaville-dom-pedro-0-campinas\\\/\",\"name\":\"Arquiteto Assina Projeto Neocl\u00e1ssico no Alphaville Dom Pedro 0 \u2013 Campinas - Italico Special Homes\",\"isPartOf\":{\"@id\":\"https:\\\/\\\/italicohomes.com\\\/#website\"},\"primaryImageOfPage\":{\"@id\":\"https:\\\/\\\/italicohomes.com\\\/blog\\\/arquiteto-assina-projeto-neoclassico-no-alphaville-dom-pedro-0-campinas\\\/#primaryimage\"},\"image\":{\"@id\":\"https:\\\/\\\/italicohomes.com\\\/blog\\\/arquiteto-assina-projeto-neoclassico-no-alphaville-dom-pedro-0-campinas\\\/#primaryimage\"},\"thumbnailUrl\":\"https:\\\/\\\/italicohomes.com\\\/wp-content\\\/uploads\\\/2025\\\/05\\\/arquiteto-assina-projeto-neoclassico-no-alphaville-dom-pedro-0-campinas-1.jpg\",\"datePublished\":\"2025-05-22T15:56:00+00:00\",\"description\":\"Veja essa Arquiteto Assina Projeto Neocl\u00e1ssico no Alphaville Dom Pedro 0 \u2013 Campinas. E conhe\u00e7a + de 2.600 projetos em nosso site.\",\"breadcrumb\":{\"@id\":\"https:\\\/\\\/italicohomes.com\\\/blog\\\/arquiteto-assina-projeto-neoclassico-no-alphaville-dom-pedro-0-campinas\\\/#breadcrumb\"},\"inLanguage\":\"en-US\",\"potentialAction\":[{\"@type\":\"ReadAction\",\"target\":[\"https:\\\/\\\/italicohomes.com\\\/blog\\\/arquiteto-assina-projeto-neoclassico-no-alphaville-dom-pedro-0-campinas\\\/\"]}]},{\"@type\":\"ImageObject\",\"inLanguage\":\"en-US\",\"@id\":\"https:\\\/\\\/italicohomes.com\\\/blog\\\/arquiteto-assina-projeto-neoclassico-no-alphaville-dom-pedro-0-campinas\\\/#primaryimage\",\"url\":\"https:\\\/\\\/italicohomes.com\\\/wp-content\\\/uploads\\\/2025\\\/05\\\/arquiteto-assina-projeto-neoclassico-no-alphaville-dom-pedro-0-campinas-1.jpg\",\"contentUrl\":\"https:\\\/\\\/italicohomes.com\\\/wp-content\\\/uploads\\\/2025\\\/05\\\/arquiteto-assina-projeto-neoclassico-no-alphaville-dom-pedro-0-campinas-1.jpg\",\"width\":1920,\"height\":1080,\"caption\":\"Arquiteto Assina Projeto Neocl\u00e1ssico no Alphaville Dom Pedro 0 \u2013 Campinas\"},{\"@type\":\"BreadcrumbList\",\"@id\":\"https:\\\/\\\/italicohomes.com\\\/blog\\\/arquiteto-assina-projeto-neoclassico-no-alphaville-dom-pedro-0-campinas\\\/#breadcrumb\",\"itemListElement\":[{\"@type\":\"ListItem\",\"position\":1,\"name\":\"Home\",\"item\":\"https:\\\/\\\/italicohomes.com\\\/\"},{\"@type\":\"ListItem\",\"position\":2,\"name\":\"Arquiteto Assina Projeto Neocl\u00e1ssico no Alphaville Dom Pedro 0 \u2013 Campinas\"}]},{\"@type\":\"WebSite\",\"@id\":\"https:\\\/\\\/italicohomes.com\\\/#website\",\"url\":\"https:\\\/\\\/italicohomes.com\\\/\",\"name\":\"Italico Special Homes\",\"description\":\"Arquitetura e Design\",\"publisher\":{\"@id\":\"https:\\\/\\\/italicohomes.com\\\/#organization\"},\"potentialAction\":[{\"@type\":\"SearchAction\",\"target\":{\"@type\":\"EntryPoint\",\"urlTemplate\":\"https:\\\/\\\/italicohomes.com\\\/?s={search_term_string}\"},\"query-input\":{\"@type\":\"PropertyValueSpecification\",\"valueRequired\":true,\"valueName\":\"search_term_string\"}}],\"inLanguage\":\"en-US\"},{\"@type\":\"Organization\",\"@id\":\"https:\\\/\\\/italicohomes.com\\\/#organization\",\"name\":\"Italico Special Homes\",\"url\":\"https:\\\/\\\/italicohomes.com\\\/\",\"logo\":{\"@type\":\"ImageObject\",\"inLanguage\":\"en-US\",\"@id\":\"https:\\\/\\\/italicohomes.com\\\/#\\\/schema\\\/logo\\\/image\\\/\",\"url\":\"https:\\\/\\\/italicohomes.com\\\/wp-content\\\/uploads\\\/2021\\\/08\\\/logo.png\",\"contentUrl\":\"https:\\\/\\\/italicohomes.com\\\/wp-content\\\/uploads\\\/2021\\\/08\\\/logo.png\",\"width\":122,\"height\":65,\"caption\":\"Italico Special Homes\"},\"image\":{\"@id\":\"https:\\\/\\\/italicohomes.com\\\/#\\\/schema\\\/logo\\\/image\\\/\"},\"sameAs\":[\"https:\\\/\\\/www.facebook.com\\\/italicohomes\",\"https:\\\/\\\/www.instagram.com\\\/italicohomes\\\/?hl=pt-br\",\"https:\\\/\\\/www.youtube.com\\\/channel\\\/UCmtxxoFYZuBOKKmHIc9kaWw\"]},{\"@type\":\"Person\",\"@id\":\"https:\\\/\\\/italicohomes.com\\\/#\\\/schema\\\/person\\\/874ebc0a4d432656ef3f84edf6e5ac10\",\"name\":\"italicohomes\",\"image\":{\"@type\":\"ImageObject\",\"inLanguage\":\"en-US\",\"@id\":\"https:\\\/\\\/secure.gravatar.com\\\/avatar\\\/0702c07f32aa7c364f44823a9a88cc772d4ca8e51d387e91823081b20b3bf37e?s=96&d=mm&r=g\",\"url\":\"https:\\\/\\\/secure.gravatar.com\\\/avatar\\\/0702c07f32aa7c364f44823a9a88cc772d4ca8e51d387e91823081b20b3bf37e?s=96&d=mm&r=g\",\"contentUrl\":\"https:\\\/\\\/secure.gravatar.com\\\/avatar\\\/0702c07f32aa7c364f44823a9a88cc772d4ca8e51d387e91823081b20b3bf37e?s=96&d=mm&r=g\",\"caption\":\"italicohomes\"}}]}<\/script>\n<!-- \/ Yoast SEO Premium plugin. -->","yoast_head_json":{"title":"Arquiteto Assina Projeto Neocl\u00e1ssico no Alphaville Dom Pedro 0 \u2013 Campinas - Italico Special Homes","description":"Veja essa Arquiteto Assina Projeto Neocl\u00e1ssico no Alphaville Dom Pedro 0 \u2013 Campinas. E conhe\u00e7a + de 2.600 projetos em nosso site.","robots":{"index":"index","follow":"follow","max-snippet":"max-snippet:-1","max-image-preview":"max-image-preview:large","max-video-preview":"max-video-preview:-1"},"canonical":"https:\/\/italicohomes.com\/en\/blog\/arquiteto-assina-projeto-neoclassico-no-alphaville-dom-pedro-0-campinas\/","og_locale":"en_US","og_type":"article","og_title":"Arquiteto Assina Projeto Neocl\u00e1ssico no Alphaville Dom Pedro 0 \u2013 Campinas","og_description":"Veja essa Arquiteto Assina Projeto Neocl\u00e1ssico no Alphaville Dom Pedro 0 \u2013 Campinas. E conhe\u00e7a + de 2.600 projetos em nosso site.","og_url":"https:\/\/italicohomes.com\/en\/blog\/arquiteto-assina-projeto-neoclassico-no-alphaville-dom-pedro-0-campinas\/","og_site_name":"Italico Special Homes","article_publisher":"https:\/\/www.facebook.com\/italicohomes","article_published_time":"2025-05-22T15:56:00+00:00","og_image":[{"width":1920,"height":1080,"url":"https:\/\/italicohomes.com\/wp-content\/uploads\/2025\/05\/arquiteto-assina-projeto-neoclassico-no-alphaville-dom-pedro-0-campinas-1.jpg","type":"image\/jpeg"}],"author":"italicohomes","twitter_card":"summary_large_image","schema":{"@context":"https:\/\/schema.org","@graph":[{"@type":"Article","@id":"https:\/\/italicohomes.com\/blog\/arquiteto-assina-projeto-neoclassico-no-alphaville-dom-pedro-0-campinas\/#article","isPartOf":{"@id":"https:\/\/italicohomes.com\/blog\/arquiteto-assina-projeto-neoclassico-no-alphaville-dom-pedro-0-campinas\/"},"author":{"name":"italicohomes","@id":"https:\/\/italicohomes.com\/#\/schema\/person\/874ebc0a4d432656ef3f84edf6e5ac10"},"headline":"Arquiteto Assina Projeto Neocl\u00e1ssico no Alphaville Dom Pedro 0 \u2013 Campinas","datePublished":"2025-05-22T15:56:00+00:00","mainEntityOfPage":{"@id":"https:\/\/italicohomes.com\/blog\/arquiteto-assina-projeto-neoclassico-no-alphaville-dom-pedro-0-campinas\/"},"wordCount":355,"publisher":{"@id":"https:\/\/italicohomes.com\/#organization"},"image":{"@id":"https:\/\/italicohomes.com\/blog\/arquiteto-assina-projeto-neoclassico-no-alphaville-dom-pedro-0-campinas\/#primaryimage"},"thumbnailUrl":"https:\/\/italicohomes.com\/wp-content\/uploads\/2025\/05\/arquiteto-assina-projeto-neoclassico-no-alphaville-dom-pedro-0-campinas-1.jpg","keywords":["arquiteto campinas","arquiteto casa classica","arquiteto casa classica perto de mim","arquiteto casa neoclassica","arquiteto casa neoclassica perto de mim","arquiteto cl\u00e1ssico","arquiteto de casa cl\u00e1ssica","arquiteto de casas cl\u00e1ssicas","arquiteto especialista em estilo neocl\u00e1ssico","arquiteto neocl\u00e1ssico","arquiteto para casa neocl\u00e1ssica","arquiteto projeto classico","arquitetura campinas","arquitetura cl\u00e1ssica","arquitetura neocl\u00e1ssica","casa de luxo","casa luxuosa","casa neoclassica","casas alto padrao","casas de alto padrao","condom\u00ednio alto padr\u00e3o"],"articleSection":["Alphaville Dom Pedro zero","arquiteto campinas","Arquitetura","Campinas","Estilo cl\u00e1ssico","Estilo Italico","Estilo Neocl\u00e1ssico","Inspira\u00e7\u00e3o","Inspira\u00e7\u00f5es","Mansoes"],"inLanguage":"en-US"},{"@type":"WebPage","@id":"https:\/\/italicohomes.com\/blog\/arquiteto-assina-projeto-neoclassico-no-alphaville-dom-pedro-0-campinas\/","url":"https:\/\/italicohomes.com\/blog\/arquiteto-assina-projeto-neoclassico-no-alphaville-dom-pedro-0-campinas\/","name":"Arquiteto Assina Projeto Neocl\u00e1ssico no Alphaville Dom Pedro 0 \u2013 Campinas - Italico Special Homes","isPartOf":{"@id":"https:\/\/italicohomes.com\/#website"},"primaryImageOfPage":{"@id":"https:\/\/italicohomes.com\/blog\/arquiteto-assina-projeto-neoclassico-no-alphaville-dom-pedro-0-campinas\/#primaryimage"},"image":{"@id":"https:\/\/italicohomes.com\/blog\/arquiteto-assina-projeto-neoclassico-no-alphaville-dom-pedro-0-campinas\/#primaryimage"},"thumbnailUrl":"https:\/\/italicohomes.com\/wp-content\/uploads\/2025\/05\/arquiteto-assina-projeto-neoclassico-no-alphaville-dom-pedro-0-campinas-1.jpg","datePublished":"2025-05-22T15:56:00+00:00","description":"Veja essa Arquiteto Assina Projeto Neocl\u00e1ssico no Alphaville Dom Pedro 0 \u2013 Campinas. E conhe\u00e7a + de 2.600 projetos em nosso site.","breadcrumb":{"@id":"https:\/\/italicohomes.com\/blog\/arquiteto-assina-projeto-neoclassico-no-alphaville-dom-pedro-0-campinas\/#breadcrumb"},"inLanguage":"en-US","potentialAction":[{"@type":"ReadAction","target":["https:\/\/italicohomes.com\/blog\/arquiteto-assina-projeto-neoclassico-no-alphaville-dom-pedro-0-campinas\/"]}]},{"@type":"ImageObject","inLanguage":"en-US","@id":"https:\/\/italicohomes.com\/blog\/arquiteto-assina-projeto-neoclassico-no-alphaville-dom-pedro-0-campinas\/#primaryimage","url":"https:\/\/italicohomes.com\/wp-content\/uploads\/2025\/05\/arquiteto-assina-projeto-neoclassico-no-alphaville-dom-pedro-0-campinas-1.jpg","contentUrl":"https:\/\/italicohomes.com\/wp-content\/uploads\/2025\/05\/arquiteto-assina-projeto-neoclassico-no-alphaville-dom-pedro-0-campinas-1.jpg","width":1920,"height":1080,"caption":"Arquiteto Assina Projeto Neocl\u00e1ssico no Alphaville Dom Pedro 0 \u2013 Campinas"},{"@type":"BreadcrumbList","@id":"https:\/\/italicohomes.com\/blog\/arquiteto-assina-projeto-neoclassico-no-alphaville-dom-pedro-0-campinas\/#breadcrumb","itemListElement":[{"@type":"ListItem","position":1,"name":"Home","item":"https:\/\/italicohomes.com\/"},{"@type":"ListItem","position":2,"name":"Arquiteto Assina Projeto Neocl\u00e1ssico no Alphaville Dom Pedro 0 \u2013 Campinas"}]},{"@type":"WebSite","@id":"https:\/\/italicohomes.com\/#website","url":"https:\/\/italicohomes.com\/","name":"Italico Special Homes","description":"Arquitetura e Design","publisher":{"@id":"https:\/\/italicohomes.com\/#organization"},"potentialAction":[{"@type":"SearchAction","target":{"@type":"EntryPoint","urlTemplate":"https:\/\/italicohomes.com\/?s={search_term_string}"},"query-input":{"@type":"PropertyValueSpecification","valueRequired":true,"valueName":"search_term_string"}}],"inLanguage":"en-US"},{"@type":"Organization","@id":"https:\/\/italicohomes.com\/#organization","name":"Italico Special Homes","url":"https:\/\/italicohomes.com\/","logo":{"@type":"ImageObject","inLanguage":"en-US","@id":"https:\/\/italicohomes.com\/#\/schema\/logo\/image\/","url":"https:\/\/italicohomes.com\/wp-content\/uploads\/2021\/08\/logo.png","contentUrl":"https:\/\/italicohomes.com\/wp-content\/uploads\/2021\/08\/logo.png","width":122,"height":65,"caption":"Italico Special Homes"},"image":{"@id":"https:\/\/italicohomes.com\/#\/schema\/logo\/image\/"},"sameAs":["https:\/\/www.facebook.com\/italicohomes","https:\/\/www.instagram.com\/italicohomes\/?hl=pt-br","https:\/\/www.youtube.com\/channel\/UCmtxxoFYZuBOKKmHIc9kaWw"]},{"@type":"Person","@id":"https:\/\/italicohomes.com\/#\/schema\/person\/874ebc0a4d432656ef3f84edf6e5ac10","name":"italicohomes","image":{"@type":"ImageObject","inLanguage":"en-US","@id":"https:\/\/secure.gravatar.com\/avatar\/0702c07f32aa7c364f44823a9a88cc772d4ca8e51d387e91823081b20b3bf37e?s=96&d=mm&r=g","url":"https:\/\/secure.gravatar.com\/avatar\/0702c07f32aa7c364f44823a9a88cc772d4ca8e51d387e91823081b20b3bf37e?s=96&d=mm&r=g","contentUrl":"https:\/\/secure.gravatar.com\/avatar\/0702c07f32aa7c364f44823a9a88cc772d4ca8e51d387e91823081b20b3bf37e?s=96&d=mm&r=g","caption":"italicohomes"}}]}},"_links":{"self":[{"href":"https:\/\/italicohomes.com\/en\/wp-json\/wp\/v2\/posts\/17358","targetHints":{"allow":["GET"]}}],"collection":[{"href":"https:\/\/italicohomes.com\/en\/wp-json\/wp\/v2\/posts"}],"about":[{"href":"https:\/\/italicohomes.com\/en\/wp-json\/wp\/v2\/types\/post"}],"author":[{"embeddable":true,"href":"https:\/\/italicohomes.com\/en\/wp-json\/wp\/v2\/users\/2"}],"replies":[{"embeddable":true,"href":"https:\/\/italicohomes.com\/en\/wp-json\/wp\/v2\/comments?post=17358"}],"version-history":[{"count":1,"href":"https:\/\/italicohomes.com\/en\/wp-json\/wp\/v2\/posts\/17358\/revisions"}],"predecessor-version":[{"id":17362,"href":"https:\/\/italicohomes.com\/en\/wp-json\/wp\/v2\/posts\/17358\/revisions\/17362"}],"wp:featuredmedia":[{"embeddable":true,"href":"https:\/\/italicohomes.com\/en\/wp-json\/wp\/v2\/media\/17361"}],"wp:attachment":[{"href":"https:\/\/italicohomes.com\/en\/wp-json\/wp\/v2\/media?parent=17358"}],"wp:term":[{"taxonomy":"category","embeddable":true,"href":"https:\/\/italicohomes.com\/en\/wp-json\/wp\/v2\/categories?post=17358"},{"taxonomy":"post_tag","embeddable":true,"href":"https:\/\/italicohomes.com\/en\/wp-json\/wp\/v2\/tags?post=17358"}],"curies":[{"name":"wp","href":"https:\/\/api.w.org\/{rel}","templated":true}]}}