{"id":17462,"date":"2025-05-27T15:40:37","date_gmt":"2025-05-27T18:40:37","guid":{"rendered":"https:\/\/italicohomes.com\/?p=17462"},"modified":"2025-05-27T15:40:37","modified_gmt":"2025-05-27T18:40:37","slug":"arquiteto-para-reforma-em-campinas-no-condominio-gramado","status":"publish","type":"post","link":"https:\/\/italicohomes.com\/en\/blog\/arquiteto-para-reforma-em-campinas-no-condominio-gramado\/","title":{"rendered":"Arquiteto para Reforma em Campinas no Condom\u00ednio Gramado"},"content":{"rendered":"<p data-start=\"62\" data-end=\"369\"><span class=\"s1\">Se voc\u00ea esta buscando Arquiteto para Reforma em Campinas no Condom\u00ednio Gramado, ent\u00e3o voc\u00ea est\u00e1 no melhor site!<\/span><\/p>\n<p data-start=\"62\" data-end=\"369\">Contratar um arquiteto para reforma em Campinas, especialmente no renomado Condom\u00ednio Gramado, \u00e9 essencial para garantir um projeto sofisticado, funcional e valorizado.<\/p>\n<p data-start=\"62\" data-end=\"369\">Este condom\u00ednio de alto padr\u00e3o exige um olhar t\u00e9cnico e criativo, alinhado \u00e0s normas do local e \u00e0s expectativas dos moradores exigentes.<\/p>\n<p data-start=\"62\" data-end=\"369\"><img fetchpriority=\"high\" decoding=\"async\" class=\"alignnone wp-image-17463 size-large\" src=\"https:\/\/italicohomes.com\/wp-content\/uploads\/2025\/05\/arquiteto-para-reforma-em-campinas-no-condominio-gramado-1-1024x657.jpg\" alt=\"Arquiteto para Reforma em Campinas no Condom\u00ednio Gramado\" width=\"640\" height=\"411\" srcset=\"https:\/\/italicohomes.com\/wp-content\/uploads\/2025\/05\/arquiteto-para-reforma-em-campinas-no-condominio-gramado-1-1024x657.jpg 1024w, https:\/\/italicohomes.com\/wp-content\/uploads\/2025\/05\/arquiteto-para-reforma-em-campinas-no-condominio-gramado-1-300x192.jpg 300w, https:\/\/italicohomes.com\/wp-content\/uploads\/2025\/05\/arquiteto-para-reforma-em-campinas-no-condominio-gramado-1-768x493.jpg 768w, https:\/\/italicohomes.com\/wp-content\/uploads\/2025\/05\/arquiteto-para-reforma-em-campinas-no-condominio-gramado-1-1536x985.jpg 1536w, https:\/\/italicohomes.com\/wp-content\/uploads\/2025\/05\/arquiteto-para-reforma-em-campinas-no-condominio-gramado-1-18x12.jpg 18w, https:\/\/italicohomes.com\/wp-content\/uploads\/2025\/05\/arquiteto-para-reforma-em-campinas-no-condominio-gramado-1.jpg 1796w\" sizes=\"(max-width: 640px) 100vw, 640px\" \/><\/p>\n<p data-start=\"371\" data-end=\"704\">Um arquiteto especializado em reformas sabe como otimizar espa\u00e7os, reaproveitar estruturas e integrar novas solu\u00e7\u00f5es sem comprometer a est\u00e9tica original.<\/p>\n<p data-start=\"371\" data-end=\"704\">Ent\u00e3o, no Condom\u00ednio Gramado, onde cada detalhe reflete exclusividade, o projeto precisa considerar paisagismo, ilumina\u00e7\u00e3o natural, ventila\u00e7\u00e3o cruzada e materiais de alta durabilidade.<\/p>\n<p data-pm-slice=\"1 1 []\">Ent\u00e3o, nossa equipe est\u00e1 pronta para te atender e te ajudar com seu\u00a0<a href=\"https:\/\/italicohomes.com\/projetos\/\">projeto<\/a>.<\/p>\n<p data-pm-slice=\"1 1 []\">Nosso escrit\u00f3rio \u00e9 especialista em Arquiteto para Reforma em Campinas no Condom\u00ednio Gramado.<\/p>\n<p data-start=\"371\" data-end=\"704\"><img decoding=\"async\" class=\"alignnone wp-image-17464 size-large\" src=\"https:\/\/italicohomes.com\/wp-content\/uploads\/2025\/05\/arquiteto-para-reforma-em-campinas-no-condominio-gramado-2-1024x771.jpg\" alt=\"Arquiteto para Reforma em Campinas no Condom\u00ednio Gramado\" width=\"640\" height=\"482\" srcset=\"https:\/\/italicohomes.com\/wp-content\/uploads\/2025\/05\/arquiteto-para-reforma-em-campinas-no-condominio-gramado-2-1024x771.jpg 1024w, https:\/\/italicohomes.com\/wp-content\/uploads\/2025\/05\/arquiteto-para-reforma-em-campinas-no-condominio-gramado-2-300x226.jpg 300w, https:\/\/italicohomes.com\/wp-content\/uploads\/2025\/05\/arquiteto-para-reforma-em-campinas-no-condominio-gramado-2-768x578.jpg 768w, https:\/\/italicohomes.com\/wp-content\/uploads\/2025\/05\/arquiteto-para-reforma-em-campinas-no-condominio-gramado-2-16x12.jpg 16w, https:\/\/italicohomes.com\/wp-content\/uploads\/2025\/05\/arquiteto-para-reforma-em-campinas-no-condominio-gramado-2.jpg 1530w\" sizes=\"(max-width: 640px) 100vw, 640px\" \/><\/p>\n<p data-start=\"706\" data-end=\"1026\"><span style=\"font-size: 16px;\">Dessa forma, se gostou desse projeto, nos chame em nosso <\/span><a style=\"font-size: 16px;\" href=\"https:\/\/api.whatsapp.com\/send\/?phone=5519981337909&amp;text=Ol%C3%A1%2C+gostaria+de+saber+mais+sobre+os+servi%C3%A7os+da+Italico&amp;app_absent=0\"><span class=\"s2\">WhatsApp,<\/span><\/a><span style=\"font-size: 16px;\"> vamos conversar sobre sua futura casa.<\/span><\/p>\n<p data-start=\"706\" data-end=\"1026\">Al\u00e9m disso, ao escolher um arquiteto para reforma em Campinas, \u00e9 importante que ele tenha experi\u00eancia com projetos personalizados e aprova\u00e7\u00e3o junto aos \u00f3rg\u00e3os competentes e \u00e0 administra\u00e7\u00e3o do condom\u00ednio. Esse cuidado evita atrasos e garante que cada etapa ocorra dentro dos par\u00e2metros legais e arquitet\u00f4nicos exigidos.<\/p>\n<p data-start=\"1028\" data-end=\"1359\" data-is-last-node=\"\" data-is-only-node=\"\">Valorizar o im\u00f3vel, modernizar ambientes e adaptar a casa ao estilo de vida s\u00e3o alguns dos benef\u00edcios de uma reforma bem planejada.<\/p>\n<p data-start=\"1028\" data-end=\"1359\" data-is-last-node=\"\" data-is-only-node=\"\">Veja tamb\u00e9m essas <a href=\"https:\/\/www.youtube.com\/watch?v=KUpLod4Xur8\">fachadas para se inspirar<\/a>!<\/p>\n<p data-start=\"1028\" data-end=\"1359\" data-is-last-node=\"\" data-is-only-node=\"\"><img decoding=\"async\" class=\"alignnone wp-image-17465 size-large\" src=\"https:\/\/italicohomes.com\/wp-content\/uploads\/2025\/05\/arquiteto-para-reforma-em-campinas-no-condominio-gramado-3-1024x773.jpg\" alt=\"Arquiteto para Reforma em Campinas no Condom\u00ednio Gramado\" width=\"640\" height=\"483\" srcset=\"https:\/\/italicohomes.com\/wp-content\/uploads\/2025\/05\/arquiteto-para-reforma-em-campinas-no-condominio-gramado-3-1024x773.jpg 1024w, https:\/\/italicohomes.com\/wp-content\/uploads\/2025\/05\/arquiteto-para-reforma-em-campinas-no-condominio-gramado-3-300x226.jpg 300w, https:\/\/italicohomes.com\/wp-content\/uploads\/2025\/05\/arquiteto-para-reforma-em-campinas-no-condominio-gramado-3-768x579.jpg 768w, https:\/\/italicohomes.com\/wp-content\/uploads\/2025\/05\/arquiteto-para-reforma-em-campinas-no-condominio-gramado-3-16x12.jpg 16w, https:\/\/italicohomes.com\/wp-content\/uploads\/2025\/05\/arquiteto-para-reforma-em-campinas-no-condominio-gramado-3.jpg 1527w\" sizes=\"(max-width: 640px) 100vw, 640px\" \/><\/p>\n<p data-start=\"1028\" data-end=\"1359\" data-is-last-node=\"\" data-is-only-node=\"\">Ent\u00e3o, apostar em um arquiteto com conhecimento espec\u00edfico do Condom\u00ednio Gramado \u00e9 a chave para transformar sua resid\u00eancia em um verdadeiro ref\u00fagio urbano com alto padr\u00e3o est\u00e9tico e funcional.<\/p>\n<p><span class=\"s1\">Entre em contato agora mesmo atrav\u00e9s do\u00a0WhatsApp: (19) 98133-7909 ou Clique no Link\u00a0<a href=\"https:\/\/wa.me\/5519981337909\"><span class=\"s3\">https:\/\/wa.me\/5519981337909<\/span><\/a><\/span><\/p>\n<h3 class=\"p1\"><span class=\"s3\">Al\u00e9m disso, conhe\u00e7a tamb\u00e9m nossas redes sociais:<\/span><\/h3>\n<p class=\"p1\"><span class=\"s4\"><a href=\"https:\/\/www.youtube.com\/c\/ItalicoSpecialHomes\/videos\">Youtube<\/a><\/span><\/p>\n<p class=\"p1\"><span class=\"s4\"><a href=\"https:\/\/www.instagram.com\/italicohomes\/\">Instagram<\/a><\/span><\/p>\n<p class=\"p1\"><span class=\"s4\"><a href=\"https:\/\/br.pinterest.com\/italicohomes\/_created\/\">Pinterest<\/a><\/span><\/p>\n<p class=\"p1\"><span class=\"s3\">Queremos te ajudar a fazer o projeto dos seus sonhos.<\/span><\/p>\n<p class=\"p1\"><span class=\"s3\">Veja tamb\u00e9m outros Projetos para\u00a0Reforma em Campinas no Condom\u00ednio Gramado em nosso <a href=\"https:\/\/italicohomes.com\/\"><span class=\"s4\">site.<\/span><\/a><\/span><\/p>","protected":false},"excerpt":{"rendered":"<p>Se voc\u00ea esta buscando Arquiteto para Reforma em Campinas no Condom\u00ednio Gramado, ent\u00e3o voc\u00ea est\u00e1 no melhor site! Contratar um arquiteto para reforma em Campinas, especialmente no renomado Condom\u00ednio Gramado, \u00e9 essencial para garantir um projeto sofisticado, funcional e valorizado. Este condom\u00ednio de alto padr\u00e3o exige um olhar t\u00e9cnico e criativo, alinhado \u00e0s normas do [&hellip;]<\/p>\n","protected":false},"author":2,"featured_media":17463,"comment_status":"closed","ping_status":"closed","sticky":false,"template":"","format":"standard","meta":{"_acf_changed":false,"footnotes":""},"categories":[2276,23,910,2292,28,43,2291,17,62,116,2043],"tags":[70,2076,2079,2077,2078,220,1013,516,1297,1596,1465,2075,69,221,1598,154,38,39,58,111,79],"class_list":["post-17462","post","type-post","status-publish","format-standard","has-post-thumbnail","hentry","category-arquiteto-campinas","category-arquitetura","category-campinas","category-condominio-gramado","category-estilo-classico","category-estilo-italico","category-estilo-neoclassico","category-inspiracao","category-inspiracoes","category-mansoes","category-reforma","tag-arquiteto-campinas","tag-arquiteto-casa-classica","tag-arquiteto-casa-classica-perto-de-mim","tag-arquiteto-casa-neoclassica","tag-arquiteto-casa-neoclassica-perto-de-mim","tag-arquiteto-classico","tag-arquiteto-de-casa-classica","tag-arquiteto-de-casas-classicas","tag-arquiteto-especialista-em-estilo-neoclassico","tag-arquiteto-neoclassico","tag-arquiteto-para-casa-neoclassica","tag-arquiteto-projeto-classico","tag-arquitetura-campinas","tag-arquitetura-classica","tag-arquitetura-neoclassica","tag-casa-de-luxo","tag-casa-luxuosa","tag-casa-neoclassica","tag-casas-alto-padrao","tag-casas-de-alto-padrao","tag-condominio-alto-padrao"],"acf":[],"yoast_head":"<!-- This site is optimized with the Yoast SEO Premium plugin v20.13 (Yoast SEO v27.4) - https:\/\/yoast.com\/product\/yoast-seo-premium-wordpress\/ -->\n<title>Arquiteto para Reforma em Campinas no Condom\u00ednio Gramado - Italico Special Homes<\/title>\n<meta name=\"description\" content=\"Veja esse Arquiteto para Reforma em Campinas no Condom\u00ednio Gramado. E conhe\u00e7a + de 2.600 projetos em nosso site.\" \/>\n<meta name=\"robots\" content=\"index, follow, max-snippet:-1, max-image-preview:large, max-video-preview:-1\" \/>\n<link rel=\"canonical\" href=\"https:\/\/italicohomes.com\/en\/blog\/arquiteto-para-reforma-em-campinas-no-condominio-gramado\/\" \/>\n<meta property=\"og:locale\" content=\"en_US\" \/>\n<meta property=\"og:type\" content=\"article\" \/>\n<meta property=\"og:title\" content=\"Arquiteto para Reforma em Campinas no Condom\u00ednio Gramado\" \/>\n<meta property=\"og:description\" content=\"Veja esse Arquiteto para Reforma em Campinas no Condom\u00ednio Gramado. E conhe\u00e7a + de 2.600 projetos em nosso site.\" \/>\n<meta property=\"og:url\" content=\"https:\/\/italicohomes.com\/en\/blog\/arquiteto-para-reforma-em-campinas-no-condominio-gramado\/\" \/>\n<meta property=\"og:site_name\" content=\"Italico Special Homes\" \/>\n<meta property=\"article:publisher\" content=\"https:\/\/www.facebook.com\/italicohomes\" \/>\n<meta property=\"article:published_time\" content=\"2025-05-27T18:40:37+00:00\" \/>\n<meta property=\"og:image\" content=\"https:\/\/italicohomes.com\/wp-content\/uploads\/2025\/05\/arquiteto-para-reforma-em-campinas-no-condominio-gramado-1.jpg\" \/>\n\t<meta property=\"og:image:width\" content=\"1796\" \/>\n\t<meta property=\"og:image:height\" content=\"1152\" \/>\n\t<meta property=\"og:image:type\" content=\"image\/jpeg\" \/>\n<meta name=\"author\" content=\"italicohomes\" \/>\n<meta name=\"twitter:card\" content=\"summary_large_image\" \/>\n<script type=\"application\/ld+json\" class=\"yoast-schema-graph\">{\"@context\":\"https:\\\/\\\/schema.org\",\"@graph\":[{\"@type\":\"Article\",\"@id\":\"https:\\\/\\\/italicohomes.com\\\/blog\\\/arquiteto-para-reforma-em-campinas-no-condominio-gramado\\\/#article\",\"isPartOf\":{\"@id\":\"https:\\\/\\\/italicohomes.com\\\/blog\\\/arquiteto-para-reforma-em-campinas-no-condominio-gramado\\\/\"},\"author\":{\"name\":\"italicohomes\",\"@id\":\"https:\\\/\\\/italicohomes.com\\\/#\\\/schema\\\/person\\\/874ebc0a4d432656ef3f84edf6e5ac10\"},\"headline\":\"Arquiteto para Reforma em Campinas no Condom\u00ednio Gramado\",\"datePublished\":\"2025-05-27T18:40:37+00:00\",\"mainEntityOfPage\":{\"@id\":\"https:\\\/\\\/italicohomes.com\\\/blog\\\/arquiteto-para-reforma-em-campinas-no-condominio-gramado\\\/\"},\"wordCount\":349,\"publisher\":{\"@id\":\"https:\\\/\\\/italicohomes.com\\\/#organization\"},\"image\":{\"@id\":\"https:\\\/\\\/italicohomes.com\\\/blog\\\/arquiteto-para-reforma-em-campinas-no-condominio-gramado\\\/#primaryimage\"},\"thumbnailUrl\":\"https:\\\/\\\/italicohomes.com\\\/wp-content\\\/uploads\\\/2025\\\/05\\\/arquiteto-para-reforma-em-campinas-no-condominio-gramado-1.jpg\",\"keywords\":[\"arquiteto campinas\",\"arquiteto casa classica\",\"arquiteto casa classica perto de mim\",\"arquiteto casa neoclassica\",\"arquiteto casa neoclassica perto de mim\",\"arquiteto cl\u00e1ssico\",\"arquiteto de casa cl\u00e1ssica\",\"arquiteto de casas cl\u00e1ssicas\",\"arquiteto especialista em estilo neocl\u00e1ssico\",\"arquiteto neocl\u00e1ssico\",\"arquiteto para casa neocl\u00e1ssica\",\"arquiteto projeto classico\",\"arquitetura campinas\",\"arquitetura cl\u00e1ssica\",\"arquitetura neocl\u00e1ssica\",\"casa de luxo\",\"casa luxuosa\",\"casa neoclassica\",\"casas alto padrao\",\"casas de alto padrao\",\"condom\u00ednio alto padr\u00e3o\"],\"articleSection\":[\"arquiteto campinas\",\"Arquitetura\",\"Campinas\",\"Condom\u00ednio Gramado\",\"Estilo cl\u00e1ssico\",\"Estilo Italico\",\"Estilo Neocl\u00e1ssico\",\"Inspira\u00e7\u00e3o\",\"Inspira\u00e7\u00f5es\",\"Mansoes\",\"Reforma\"],\"inLanguage\":\"en-US\"},{\"@type\":\"WebPage\",\"@id\":\"https:\\\/\\\/italicohomes.com\\\/blog\\\/arquiteto-para-reforma-em-campinas-no-condominio-gramado\\\/\",\"url\":\"https:\\\/\\\/italicohomes.com\\\/blog\\\/arquiteto-para-reforma-em-campinas-no-condominio-gramado\\\/\",\"name\":\"Arquiteto para Reforma em Campinas no Condom\u00ednio Gramado - Italico Special Homes\",\"isPartOf\":{\"@id\":\"https:\\\/\\\/italicohomes.com\\\/#website\"},\"primaryImageOfPage\":{\"@id\":\"https:\\\/\\\/italicohomes.com\\\/blog\\\/arquiteto-para-reforma-em-campinas-no-condominio-gramado\\\/#primaryimage\"},\"image\":{\"@id\":\"https:\\\/\\\/italicohomes.com\\\/blog\\\/arquiteto-para-reforma-em-campinas-no-condominio-gramado\\\/#primaryimage\"},\"thumbnailUrl\":\"https:\\\/\\\/italicohomes.com\\\/wp-content\\\/uploads\\\/2025\\\/05\\\/arquiteto-para-reforma-em-campinas-no-condominio-gramado-1.jpg\",\"datePublished\":\"2025-05-27T18:40:37+00:00\",\"description\":\"Veja esse Arquiteto para Reforma em Campinas no Condom\u00ednio Gramado. E conhe\u00e7a + de 2.600 projetos em nosso site.\",\"breadcrumb\":{\"@id\":\"https:\\\/\\\/italicohomes.com\\\/blog\\\/arquiteto-para-reforma-em-campinas-no-condominio-gramado\\\/#breadcrumb\"},\"inLanguage\":\"en-US\",\"potentialAction\":[{\"@type\":\"ReadAction\",\"target\":[\"https:\\\/\\\/italicohomes.com\\\/blog\\\/arquiteto-para-reforma-em-campinas-no-condominio-gramado\\\/\"]}]},{\"@type\":\"ImageObject\",\"inLanguage\":\"en-US\",\"@id\":\"https:\\\/\\\/italicohomes.com\\\/blog\\\/arquiteto-para-reforma-em-campinas-no-condominio-gramado\\\/#primaryimage\",\"url\":\"https:\\\/\\\/italicohomes.com\\\/wp-content\\\/uploads\\\/2025\\\/05\\\/arquiteto-para-reforma-em-campinas-no-condominio-gramado-1.jpg\",\"contentUrl\":\"https:\\\/\\\/italicohomes.com\\\/wp-content\\\/uploads\\\/2025\\\/05\\\/arquiteto-para-reforma-em-campinas-no-condominio-gramado-1.jpg\",\"width\":1796,\"height\":1152,\"caption\":\"Arquiteto para Reforma em Campinas no Condom\u00ednio Gramado\"},{\"@type\":\"BreadcrumbList\",\"@id\":\"https:\\\/\\\/italicohomes.com\\\/blog\\\/arquiteto-para-reforma-em-campinas-no-condominio-gramado\\\/#breadcrumb\",\"itemListElement\":[{\"@type\":\"ListItem\",\"position\":1,\"name\":\"Home\",\"item\":\"https:\\\/\\\/italicohomes.com\\\/\"},{\"@type\":\"ListItem\",\"position\":2,\"name\":\"Arquiteto para Reforma em Campinas no Condom\u00ednio Gramado\"}]},{\"@type\":\"WebSite\",\"@id\":\"https:\\\/\\\/italicohomes.com\\\/#website\",\"url\":\"https:\\\/\\\/italicohomes.com\\\/\",\"name\":\"Italico Special Homes\",\"description\":\"Arquitetura e Design\",\"publisher\":{\"@id\":\"https:\\\/\\\/italicohomes.com\\\/#organization\"},\"potentialAction\":[{\"@type\":\"SearchAction\",\"target\":{\"@type\":\"EntryPoint\",\"urlTemplate\":\"https:\\\/\\\/italicohomes.com\\\/?s={search_term_string}\"},\"query-input\":{\"@type\":\"PropertyValueSpecification\",\"valueRequired\":true,\"valueName\":\"search_term_string\"}}],\"inLanguage\":\"en-US\"},{\"@type\":\"Organization\",\"@id\":\"https:\\\/\\\/italicohomes.com\\\/#organization\",\"name\":\"Italico Special Homes\",\"url\":\"https:\\\/\\\/italicohomes.com\\\/\",\"logo\":{\"@type\":\"ImageObject\",\"inLanguage\":\"en-US\",\"@id\":\"https:\\\/\\\/italicohomes.com\\\/#\\\/schema\\\/logo\\\/image\\\/\",\"url\":\"https:\\\/\\\/italicohomes.com\\\/wp-content\\\/uploads\\\/2021\\\/08\\\/logo.png\",\"contentUrl\":\"https:\\\/\\\/italicohomes.com\\\/wp-content\\\/uploads\\\/2021\\\/08\\\/logo.png\",\"width\":122,\"height\":65,\"caption\":\"Italico Special Homes\"},\"image\":{\"@id\":\"https:\\\/\\\/italicohomes.com\\\/#\\\/schema\\\/logo\\\/image\\\/\"},\"sameAs\":[\"https:\\\/\\\/www.facebook.com\\\/italicohomes\",\"https:\\\/\\\/www.instagram.com\\\/italicohomes\\\/?hl=pt-br\",\"https:\\\/\\\/www.youtube.com\\\/channel\\\/UCmtxxoFYZuBOKKmHIc9kaWw\"]},{\"@type\":\"Person\",\"@id\":\"https:\\\/\\\/italicohomes.com\\\/#\\\/schema\\\/person\\\/874ebc0a4d432656ef3f84edf6e5ac10\",\"name\":\"italicohomes\",\"image\":{\"@type\":\"ImageObject\",\"inLanguage\":\"en-US\",\"@id\":\"https:\\\/\\\/secure.gravatar.com\\\/avatar\\\/0702c07f32aa7c364f44823a9a88cc772d4ca8e51d387e91823081b20b3bf37e?s=96&d=mm&r=g\",\"url\":\"https:\\\/\\\/secure.gravatar.com\\\/avatar\\\/0702c07f32aa7c364f44823a9a88cc772d4ca8e51d387e91823081b20b3bf37e?s=96&d=mm&r=g\",\"contentUrl\":\"https:\\\/\\\/secure.gravatar.com\\\/avatar\\\/0702c07f32aa7c364f44823a9a88cc772d4ca8e51d387e91823081b20b3bf37e?s=96&d=mm&r=g\",\"caption\":\"italicohomes\"}}]}<\/script>\n<!-- \/ Yoast SEO Premium plugin. -->","yoast_head_json":{"title":"Arquiteto para Reforma em Campinas no Condom\u00ednio Gramado - Italico Special Homes","description":"Veja esse Arquiteto para Reforma em Campinas no Condom\u00ednio Gramado. E conhe\u00e7a + de 2.600 projetos em nosso site.","robots":{"index":"index","follow":"follow","max-snippet":"max-snippet:-1","max-image-preview":"max-image-preview:large","max-video-preview":"max-video-preview:-1"},"canonical":"https:\/\/italicohomes.com\/en\/blog\/arquiteto-para-reforma-em-campinas-no-condominio-gramado\/","og_locale":"en_US","og_type":"article","og_title":"Arquiteto para Reforma em Campinas no Condom\u00ednio Gramado","og_description":"Veja esse Arquiteto para Reforma em Campinas no Condom\u00ednio Gramado. E conhe\u00e7a + de 2.600 projetos em nosso site.","og_url":"https:\/\/italicohomes.com\/en\/blog\/arquiteto-para-reforma-em-campinas-no-condominio-gramado\/","og_site_name":"Italico Special Homes","article_publisher":"https:\/\/www.facebook.com\/italicohomes","article_published_time":"2025-05-27T18:40:37+00:00","og_image":[{"width":1796,"height":1152,"url":"https:\/\/italicohomes.com\/wp-content\/uploads\/2025\/05\/arquiteto-para-reforma-em-campinas-no-condominio-gramado-1.jpg","type":"image\/jpeg"}],"author":"italicohomes","twitter_card":"summary_large_image","schema":{"@context":"https:\/\/schema.org","@graph":[{"@type":"Article","@id":"https:\/\/italicohomes.com\/blog\/arquiteto-para-reforma-em-campinas-no-condominio-gramado\/#article","isPartOf":{"@id":"https:\/\/italicohomes.com\/blog\/arquiteto-para-reforma-em-campinas-no-condominio-gramado\/"},"author":{"name":"italicohomes","@id":"https:\/\/italicohomes.com\/#\/schema\/person\/874ebc0a4d432656ef3f84edf6e5ac10"},"headline":"Arquiteto para Reforma em Campinas no Condom\u00ednio Gramado","datePublished":"2025-05-27T18:40:37+00:00","mainEntityOfPage":{"@id":"https:\/\/italicohomes.com\/blog\/arquiteto-para-reforma-em-campinas-no-condominio-gramado\/"},"wordCount":349,"publisher":{"@id":"https:\/\/italicohomes.com\/#organization"},"image":{"@id":"https:\/\/italicohomes.com\/blog\/arquiteto-para-reforma-em-campinas-no-condominio-gramado\/#primaryimage"},"thumbnailUrl":"https:\/\/italicohomes.com\/wp-content\/uploads\/2025\/05\/arquiteto-para-reforma-em-campinas-no-condominio-gramado-1.jpg","keywords":["arquiteto campinas","arquiteto casa classica","arquiteto casa classica perto de mim","arquiteto casa neoclassica","arquiteto casa neoclassica perto de mim","arquiteto cl\u00e1ssico","arquiteto de casa cl\u00e1ssica","arquiteto de casas cl\u00e1ssicas","arquiteto especialista em estilo neocl\u00e1ssico","arquiteto neocl\u00e1ssico","arquiteto para casa neocl\u00e1ssica","arquiteto projeto classico","arquitetura campinas","arquitetura cl\u00e1ssica","arquitetura neocl\u00e1ssica","casa de luxo","casa luxuosa","casa neoclassica","casas alto padrao","casas de alto padrao","condom\u00ednio alto padr\u00e3o"],"articleSection":["arquiteto campinas","Arquitetura","Campinas","Condom\u00ednio Gramado","Estilo cl\u00e1ssico","Estilo Italico","Estilo Neocl\u00e1ssico","Inspira\u00e7\u00e3o","Inspira\u00e7\u00f5es","Mansoes","Reforma"],"inLanguage":"en-US"},{"@type":"WebPage","@id":"https:\/\/italicohomes.com\/blog\/arquiteto-para-reforma-em-campinas-no-condominio-gramado\/","url":"https:\/\/italicohomes.com\/blog\/arquiteto-para-reforma-em-campinas-no-condominio-gramado\/","name":"Arquiteto para Reforma em Campinas no Condom\u00ednio Gramado - Italico Special Homes","isPartOf":{"@id":"https:\/\/italicohomes.com\/#website"},"primaryImageOfPage":{"@id":"https:\/\/italicohomes.com\/blog\/arquiteto-para-reforma-em-campinas-no-condominio-gramado\/#primaryimage"},"image":{"@id":"https:\/\/italicohomes.com\/blog\/arquiteto-para-reforma-em-campinas-no-condominio-gramado\/#primaryimage"},"thumbnailUrl":"https:\/\/italicohomes.com\/wp-content\/uploads\/2025\/05\/arquiteto-para-reforma-em-campinas-no-condominio-gramado-1.jpg","datePublished":"2025-05-27T18:40:37+00:00","description":"Veja esse Arquiteto para Reforma em Campinas no Condom\u00ednio Gramado. E conhe\u00e7a + de 2.600 projetos em nosso site.","breadcrumb":{"@id":"https:\/\/italicohomes.com\/blog\/arquiteto-para-reforma-em-campinas-no-condominio-gramado\/#breadcrumb"},"inLanguage":"en-US","potentialAction":[{"@type":"ReadAction","target":["https:\/\/italicohomes.com\/blog\/arquiteto-para-reforma-em-campinas-no-condominio-gramado\/"]}]},{"@type":"ImageObject","inLanguage":"en-US","@id":"https:\/\/italicohomes.com\/blog\/arquiteto-para-reforma-em-campinas-no-condominio-gramado\/#primaryimage","url":"https:\/\/italicohomes.com\/wp-content\/uploads\/2025\/05\/arquiteto-para-reforma-em-campinas-no-condominio-gramado-1.jpg","contentUrl":"https:\/\/italicohomes.com\/wp-content\/uploads\/2025\/05\/arquiteto-para-reforma-em-campinas-no-condominio-gramado-1.jpg","width":1796,"height":1152,"caption":"Arquiteto para Reforma em Campinas no Condom\u00ednio Gramado"},{"@type":"BreadcrumbList","@id":"https:\/\/italicohomes.com\/blog\/arquiteto-para-reforma-em-campinas-no-condominio-gramado\/#breadcrumb","itemListElement":[{"@type":"ListItem","position":1,"name":"Home","item":"https:\/\/italicohomes.com\/"},{"@type":"ListItem","position":2,"name":"Arquiteto para Reforma em Campinas no Condom\u00ednio Gramado"}]},{"@type":"WebSite","@id":"https:\/\/italicohomes.com\/#website","url":"https:\/\/italicohomes.com\/","name":"Italico Special Homes","description":"Arquitetura e Design","publisher":{"@id":"https:\/\/italicohomes.com\/#organization"},"potentialAction":[{"@type":"SearchAction","target":{"@type":"EntryPoint","urlTemplate":"https:\/\/italicohomes.com\/?s={search_term_string}"},"query-input":{"@type":"PropertyValueSpecification","valueRequired":true,"valueName":"search_term_string"}}],"inLanguage":"en-US"},{"@type":"Organization","@id":"https:\/\/italicohomes.com\/#organization","name":"Italico Special Homes","url":"https:\/\/italicohomes.com\/","logo":{"@type":"ImageObject","inLanguage":"en-US","@id":"https:\/\/italicohomes.com\/#\/schema\/logo\/image\/","url":"https:\/\/italicohomes.com\/wp-content\/uploads\/2021\/08\/logo.png","contentUrl":"https:\/\/italicohomes.com\/wp-content\/uploads\/2021\/08\/logo.png","width":122,"height":65,"caption":"Italico Special Homes"},"image":{"@id":"https:\/\/italicohomes.com\/#\/schema\/logo\/image\/"},"sameAs":["https:\/\/www.facebook.com\/italicohomes","https:\/\/www.instagram.com\/italicohomes\/?hl=pt-br","https:\/\/www.youtube.com\/channel\/UCmtxxoFYZuBOKKmHIc9kaWw"]},{"@type":"Person","@id":"https:\/\/italicohomes.com\/#\/schema\/person\/874ebc0a4d432656ef3f84edf6e5ac10","name":"italicohomes","image":{"@type":"ImageObject","inLanguage":"en-US","@id":"https:\/\/secure.gravatar.com\/avatar\/0702c07f32aa7c364f44823a9a88cc772d4ca8e51d387e91823081b20b3bf37e?s=96&d=mm&r=g","url":"https:\/\/secure.gravatar.com\/avatar\/0702c07f32aa7c364f44823a9a88cc772d4ca8e51d387e91823081b20b3bf37e?s=96&d=mm&r=g","contentUrl":"https:\/\/secure.gravatar.com\/avatar\/0702c07f32aa7c364f44823a9a88cc772d4ca8e51d387e91823081b20b3bf37e?s=96&d=mm&r=g","caption":"italicohomes"}}]}},"_links":{"self":[{"href":"https:\/\/italicohomes.com\/en\/wp-json\/wp\/v2\/posts\/17462","targetHints":{"allow":["GET"]}}],"collection":[{"href":"https:\/\/italicohomes.com\/en\/wp-json\/wp\/v2\/posts"}],"about":[{"href":"https:\/\/italicohomes.com\/en\/wp-json\/wp\/v2\/types\/post"}],"author":[{"embeddable":true,"href":"https:\/\/italicohomes.com\/en\/wp-json\/wp\/v2\/users\/2"}],"replies":[{"embeddable":true,"href":"https:\/\/italicohomes.com\/en\/wp-json\/wp\/v2\/comments?post=17462"}],"version-history":[{"count":1,"href":"https:\/\/italicohomes.com\/en\/wp-json\/wp\/v2\/posts\/17462\/revisions"}],"predecessor-version":[{"id":17466,"href":"https:\/\/italicohomes.com\/en\/wp-json\/wp\/v2\/posts\/17462\/revisions\/17466"}],"wp:featuredmedia":[{"embeddable":true,"href":"https:\/\/italicohomes.com\/en\/wp-json\/wp\/v2\/media\/17463"}],"wp:attachment":[{"href":"https:\/\/italicohomes.com\/en\/wp-json\/wp\/v2\/media?parent=17462"}],"wp:term":[{"taxonomy":"category","embeddable":true,"href":"https:\/\/italicohomes.com\/en\/wp-json\/wp\/v2\/categories?post=17462"},{"taxonomy":"post_tag","embeddable":true,"href":"https:\/\/italicohomes.com\/en\/wp-json\/wp\/v2\/tags?post=17462"}],"curies":[{"name":"wp","href":"https:\/\/api.w.org\/{rel}","templated":true}]}}