{"id":17860,"date":"2025-06-12T12:04:25","date_gmt":"2025-06-12T15:04:25","guid":{"rendered":"https:\/\/italicohomes.com\/?p=17860"},"modified":"2025-06-12T12:04:25","modified_gmt":"2025-06-12T15:04:25","slug":"fachada-com-nova-linguagem-no-gramado-campinas","status":"publish","type":"post","link":"https:\/\/italicohomes.com\/en\/blog\/fachada-com-nova-linguagem-no-gramado-campinas\/","title":{"rendered":"Fachada com Nova Linguagem no Gramado \u2013 Campinas"},"content":{"rendered":"<p data-start=\"54\" data-end=\"459\"><span class=\"s1\">Se voc\u00ea esta buscando Fachada com Nova Linguagem no Gramado \u2013 Campinas, ent\u00e3o voc\u00ea est\u00e1 no melhor site!<\/span><\/p>\n<p data-start=\"54\" data-end=\"459\">O bairro Gramado, em Campinas, \u00e9 conhecido por suas resid\u00eancias imponentes e arquitetura de alto padr\u00e3o.<\/p>\n<p data-start=\"54\" data-end=\"459\">Recentemente, tem-se observado uma crescente ado\u00e7\u00e3o de uma nova linguagem arquitet\u00f4nica nas fachadas, que mescla elementos neocl\u00e1ssicos, minimalistas e sustent\u00e1veis.<\/p>\n<p data-start=\"54\" data-end=\"459\"><img fetchpriority=\"high\" decoding=\"async\" class=\"alignnone wp-image-17863 size-large\" src=\"https:\/\/italicohomes.com\/wp-content\/uploads\/2025\/06\/fachada-com-nova-linguagem-no-gramado-campinas-1-1024x576.jpg\" alt=\"Fachada com Nova Linguagem no Gramado \u2013 Campinas\" width=\"640\" height=\"360\" srcset=\"https:\/\/italicohomes.com\/wp-content\/uploads\/2025\/06\/fachada-com-nova-linguagem-no-gramado-campinas-1-1024x576.jpg 1024w, https:\/\/italicohomes.com\/wp-content\/uploads\/2025\/06\/fachada-com-nova-linguagem-no-gramado-campinas-1-300x169.jpg 300w, https:\/\/italicohomes.com\/wp-content\/uploads\/2025\/06\/fachada-com-nova-linguagem-no-gramado-campinas-1-768x432.jpg 768w, https:\/\/italicohomes.com\/wp-content\/uploads\/2025\/06\/fachada-com-nova-linguagem-no-gramado-campinas-1-1536x864.jpg 1536w, https:\/\/italicohomes.com\/wp-content\/uploads\/2025\/06\/fachada-com-nova-linguagem-no-gramado-campinas-1-18x10.jpg 18w, https:\/\/italicohomes.com\/wp-content\/uploads\/2025\/06\/fachada-com-nova-linguagem-no-gramado-campinas-1.jpg 2048w\" sizes=\"(max-width: 640px) 100vw, 640px\" \/><\/p>\n<p data-start=\"54\" data-end=\"459\">Essa tend\u00eancia tem ganhado for\u00e7a entre moradores e investidores que buscam modernizar im\u00f3veis, agregando valor est\u00e9tico e funcional.<\/p>\n<p data-start=\"461\" data-end=\"860\">A nova linguagem de fachada no Gramado aposta em linhas retas, volumes bem definidos e materiais naturais. A ilumina\u00e7\u00e3o c\u00eanica tamb\u00e9m ganha destaque, valorizando texturas e criando efeitos visuais marcantes ao anoitecer.<\/p>\n<p data-pm-slice=\"1 1 []\">Ent\u00e3o, nossa equipe est\u00e1 pronta para te atender e te ajudar com seu\u00a0<a href=\"https:\/\/italicohomes.com\/projetos\/\">projeto<\/a>.<\/p>\n<p data-pm-slice=\"1 1 []\">Nosso escrit\u00f3rio \u00e9 especialista em Fachada com Nova Linguagem no Gramado \u2013 Campinas.<\/p>\n<p data-start=\"461\" data-end=\"860\"><img decoding=\"async\" class=\"alignnone wp-image-17862 size-large\" src=\"https:\/\/italicohomes.com\/wp-content\/uploads\/2025\/06\/fachada-com-nova-linguagem-no-gramado-campinas-3-1024x576.jpg\" alt=\"Fachada com Nova Linguagem no Gramado \u2013 Campinas\" width=\"640\" height=\"360\" srcset=\"https:\/\/italicohomes.com\/wp-content\/uploads\/2025\/06\/fachada-com-nova-linguagem-no-gramado-campinas-3-1024x576.jpg 1024w, https:\/\/italicohomes.com\/wp-content\/uploads\/2025\/06\/fachada-com-nova-linguagem-no-gramado-campinas-3-300x169.jpg 300w, https:\/\/italicohomes.com\/wp-content\/uploads\/2025\/06\/fachada-com-nova-linguagem-no-gramado-campinas-3-768x432.jpg 768w, https:\/\/italicohomes.com\/wp-content\/uploads\/2025\/06\/fachada-com-nova-linguagem-no-gramado-campinas-3-1536x864.jpg 1536w, https:\/\/italicohomes.com\/wp-content\/uploads\/2025\/06\/fachada-com-nova-linguagem-no-gramado-campinas-3-18x10.jpg 18w, https:\/\/italicohomes.com\/wp-content\/uploads\/2025\/06\/fachada-com-nova-linguagem-no-gramado-campinas-3.jpg 2048w\" sizes=\"(max-width: 640px) 100vw, 640px\" \/><\/p>\n<p data-start=\"461\" data-end=\"860\"><span style=\"font-size: 16px;\">Dessa forma, se gostou desse projeto, nos chame em nosso <\/span><a style=\"font-size: 16px;\" href=\"https:\/\/api.whatsapp.com\/send\/?phone=5519981337909&amp;text=Ol%C3%A1%2C+gostaria+de+saber+mais+sobre+os+servi%C3%A7os+da+Italico&amp;app_absent=0\"><span class=\"s2\">WhatsApp,<\/span><\/a><span style=\"font-size: 16px;\"> vamos conversar sobre sua futura casa.<\/span><\/p>\n<p data-start=\"461\" data-end=\"860\">Outro diferencial \u00e9 a integra\u00e7\u00e3o com paisagismo sofisticado, com esp\u00e9cies nativas e jardins verticais que promovem frescor e sofistica\u00e7\u00e3o.<\/p>\n<p data-start=\"862\" data-end=\"1377\" data-is-last-node=\"\" data-is-only-node=\"\">Para quem busca um im\u00f3vel no bairro ou deseja renovar a fachada de sua resid\u00eancia, adotar essa est\u00e9tica inovadora \u00e9 uma forma de alinhar-se \u00e0s tend\u00eancias arquitet\u00f4nicas de alto padr\u00e3o.<\/p>\n<p data-start=\"862\" data-end=\"1377\" data-is-last-node=\"\" data-is-only-node=\"\">Veja tamb\u00e9m essas <a href=\"https:\/\/www.youtube.com\/watch?v=KUpLod4Xur8\">fachadas para se inspirar<\/a>!<\/p>\n<p data-start=\"862\" data-end=\"1377\" data-is-last-node=\"\" data-is-only-node=\"\"><img decoding=\"async\" class=\"alignnone wp-image-17861 size-large\" src=\"https:\/\/italicohomes.com\/wp-content\/uploads\/2025\/06\/fachada-com-nova-linguagem-no-gramado-campinas-2-1024x576.jpg\" alt=\"Fachada com Nova Linguagem no Gramado \u2013 Campinas\" width=\"640\" height=\"360\" srcset=\"https:\/\/italicohomes.com\/wp-content\/uploads\/2025\/06\/fachada-com-nova-linguagem-no-gramado-campinas-2-1024x576.jpg 1024w, https:\/\/italicohomes.com\/wp-content\/uploads\/2025\/06\/fachada-com-nova-linguagem-no-gramado-campinas-2-300x169.jpg 300w, https:\/\/italicohomes.com\/wp-content\/uploads\/2025\/06\/fachada-com-nova-linguagem-no-gramado-campinas-2-768x432.jpg 768w, https:\/\/italicohomes.com\/wp-content\/uploads\/2025\/06\/fachada-com-nova-linguagem-no-gramado-campinas-2-1536x864.jpg 1536w, https:\/\/italicohomes.com\/wp-content\/uploads\/2025\/06\/fachada-com-nova-linguagem-no-gramado-campinas-2-18x10.jpg 18w, https:\/\/italicohomes.com\/wp-content\/uploads\/2025\/06\/fachada-com-nova-linguagem-no-gramado-campinas-2.jpg 2048w\" sizes=\"(max-width: 640px) 100vw, 640px\" \/><\/p>\n<p data-start=\"862\" data-end=\"1377\" data-is-last-node=\"\" data-is-only-node=\"\">Al\u00e9m de destacar-se visualmente, a nova linguagem de fachada no Gramado refor\u00e7a o conceito de arquitetura autoral, com solu\u00e7\u00f5es personalizadas e exclusivas.<\/p>\n<p data-start=\"862\" data-end=\"1377\" data-is-last-node=\"\" data-is-only-node=\"\">Esse movimento reposiciona o bairro como refer\u00eancia em design e modernidade em Campinas, atraindo olhares exigentes e valorizando ainda mais a regi\u00e3o no mercado imobili\u00e1rio.<\/p>\n<p><span class=\"s1\">Entre em contato agora mesmo atrav\u00e9s do\u00a0WhatsApp: (19) 98133-7909 ou Clique no Link\u00a0<a href=\"https:\/\/wa.me\/5519981337909\"><span class=\"s3\">https:\/\/wa.me\/5519981337909<\/span><\/a><\/span><\/p>\n<h3 class=\"p1\"><span class=\"s3\">Al\u00e9m disso, conhe\u00e7a tamb\u00e9m nossas redes sociais:<\/span><\/h3>\n<p class=\"p1\"><span class=\"s4\"><a href=\"https:\/\/www.youtube.com\/c\/ItalicoSpecialHomes\/videos\">Youtube<\/a><\/span><\/p>\n<p class=\"p1\"><span class=\"s4\"><a href=\"https:\/\/www.instagram.com\/italicohomes\/\">Instagram<\/a><\/span><\/p>\n<p class=\"p1\"><span class=\"s4\"><a href=\"https:\/\/br.pinterest.com\/italicohomes\/_created\/\">Pinterest<\/a><\/span><\/p>\n<p class=\"p1\"><span class=\"s3\">Queremos te ajudar a fazer o projeto dos seus sonhos.<\/span><\/p>\n<p class=\"p1\"><span class=\"s3\">Veja tamb\u00e9m outros Projetos no\u00a0Gramado \u2013 Campinas em nosso <a href=\"https:\/\/italicohomes.com\/\"><span class=\"s4\">site.<\/span><\/a><\/span><\/p>","protected":false},"excerpt":{"rendered":"<p>Se voc\u00ea esta buscando Fachada com Nova Linguagem no Gramado \u2013 Campinas, ent\u00e3o voc\u00ea est\u00e1 no melhor site! O bairro Gramado, em Campinas, \u00e9 conhecido por suas resid\u00eancias imponentes e arquitetura de alto padr\u00e3o. Recentemente, tem-se observado uma crescente ado\u00e7\u00e3o de uma nova linguagem arquitet\u00f4nica nas fachadas, que mescla elementos neocl\u00e1ssicos, minimalistas e sustent\u00e1veis. Essa [&hellip;]<\/p>\n","protected":false},"author":2,"featured_media":17863,"comment_status":"closed","ping_status":"closed","sticky":false,"template":"","format":"standard","meta":{"_acf_changed":false,"footnotes":""},"categories":[2276,23,910,2292,28,43,2291,17,62,116,2043],"tags":[70,2076,2079,2077,2078,220,1013,516,1297,1596,1465,2075,69,221,1598,154,38,39,58,111,79],"class_list":["post-17860","post","type-post","status-publish","format-standard","has-post-thumbnail","hentry","category-arquiteto-campinas","category-arquitetura","category-campinas","category-condominio-gramado","category-estilo-classico","category-estilo-italico","category-estilo-neoclassico","category-inspiracao","category-inspiracoes","category-mansoes","category-reforma","tag-arquiteto-campinas","tag-arquiteto-casa-classica","tag-arquiteto-casa-classica-perto-de-mim","tag-arquiteto-casa-neoclassica","tag-arquiteto-casa-neoclassica-perto-de-mim","tag-arquiteto-classico","tag-arquiteto-de-casa-classica","tag-arquiteto-de-casas-classicas","tag-arquiteto-especialista-em-estilo-neoclassico","tag-arquiteto-neoclassico","tag-arquiteto-para-casa-neoclassica","tag-arquiteto-projeto-classico","tag-arquitetura-campinas","tag-arquitetura-classica","tag-arquitetura-neoclassica","tag-casa-de-luxo","tag-casa-luxuosa","tag-casa-neoclassica","tag-casas-alto-padrao","tag-casas-de-alto-padrao","tag-condominio-alto-padrao"],"acf":[],"yoast_head":"<!-- This site is optimized with the Yoast SEO Premium plugin v20.13 (Yoast SEO v27.4) - https:\/\/yoast.com\/product\/yoast-seo-premium-wordpress\/ -->\n<title>Fachada com Nova Linguagem no Gramado \u2013 Campinas - Italico Special Homes<\/title>\n<meta name=\"description\" content=\"Veja essa Fachada com Nova Linguagem no Gramado \u2013 Campinas. E conhe\u00e7a + de 2.600 projetos em nosso site.\" \/>\n<meta name=\"robots\" content=\"index, follow, max-snippet:-1, max-image-preview:large, max-video-preview:-1\" \/>\n<link rel=\"canonical\" href=\"https:\/\/italicohomes.com\/en\/blog\/fachada-com-nova-linguagem-no-gramado-campinas\/\" \/>\n<meta property=\"og:locale\" content=\"en_US\" \/>\n<meta property=\"og:type\" content=\"article\" \/>\n<meta property=\"og:title\" content=\"Fachada com Nova Linguagem no Gramado \u2013 Campinas\" \/>\n<meta property=\"og:description\" content=\"Veja essa Fachada com Nova Linguagem no Gramado \u2013 Campinas. E conhe\u00e7a + de 2.600 projetos em nosso site.\" \/>\n<meta property=\"og:url\" content=\"https:\/\/italicohomes.com\/en\/blog\/fachada-com-nova-linguagem-no-gramado-campinas\/\" \/>\n<meta property=\"og:site_name\" content=\"Italico Special Homes\" \/>\n<meta property=\"article:publisher\" content=\"https:\/\/www.facebook.com\/italicohomes\" \/>\n<meta property=\"article:published_time\" content=\"2025-06-12T15:04:25+00:00\" \/>\n<meta property=\"og:image\" content=\"https:\/\/italicohomes.com\/wp-content\/uploads\/2025\/06\/fachada-com-nova-linguagem-no-gramado-campinas-1.jpg\" \/>\n\t<meta property=\"og:image:width\" content=\"2048\" \/>\n\t<meta property=\"og:image:height\" content=\"1152\" \/>\n\t<meta property=\"og:image:type\" content=\"image\/jpeg\" \/>\n<meta name=\"author\" content=\"italicohomes\" \/>\n<meta name=\"twitter:card\" content=\"summary_large_image\" \/>\n<script type=\"application\/ld+json\" class=\"yoast-schema-graph\">{\"@context\":\"https:\\\/\\\/schema.org\",\"@graph\":[{\"@type\":\"Article\",\"@id\":\"https:\\\/\\\/italicohomes.com\\\/blog\\\/fachada-com-nova-linguagem-no-gramado-campinas\\\/#article\",\"isPartOf\":{\"@id\":\"https:\\\/\\\/italicohomes.com\\\/blog\\\/fachada-com-nova-linguagem-no-gramado-campinas\\\/\"},\"author\":{\"name\":\"italicohomes\",\"@id\":\"https:\\\/\\\/italicohomes.com\\\/#\\\/schema\\\/person\\\/874ebc0a4d432656ef3f84edf6e5ac10\"},\"headline\":\"Fachada com Nova Linguagem no Gramado \u2013 Campinas\",\"datePublished\":\"2025-06-12T15:04:25+00:00\",\"mainEntityOfPage\":{\"@id\":\"https:\\\/\\\/italicohomes.com\\\/blog\\\/fachada-com-nova-linguagem-no-gramado-campinas\\\/\"},\"wordCount\":335,\"publisher\":{\"@id\":\"https:\\\/\\\/italicohomes.com\\\/#organization\"},\"image\":{\"@id\":\"https:\\\/\\\/italicohomes.com\\\/blog\\\/fachada-com-nova-linguagem-no-gramado-campinas\\\/#primaryimage\"},\"thumbnailUrl\":\"https:\\\/\\\/italicohomes.com\\\/wp-content\\\/uploads\\\/2025\\\/06\\\/fachada-com-nova-linguagem-no-gramado-campinas-1.jpg\",\"keywords\":[\"arquiteto campinas\",\"arquiteto casa classica\",\"arquiteto casa classica perto de mim\",\"arquiteto casa neoclassica\",\"arquiteto casa neoclassica perto de mim\",\"arquiteto cl\u00e1ssico\",\"arquiteto de casa cl\u00e1ssica\",\"arquiteto de casas cl\u00e1ssicas\",\"arquiteto especialista em estilo neocl\u00e1ssico\",\"arquiteto neocl\u00e1ssico\",\"arquiteto para casa neocl\u00e1ssica\",\"arquiteto projeto classico\",\"arquitetura campinas\",\"arquitetura cl\u00e1ssica\",\"arquitetura neocl\u00e1ssica\",\"casa de luxo\",\"casa luxuosa\",\"casa neoclassica\",\"casas alto padrao\",\"casas de alto padrao\",\"condom\u00ednio alto padr\u00e3o\"],\"articleSection\":[\"arquiteto campinas\",\"Arquitetura\",\"Campinas\",\"Condom\u00ednio Gramado\",\"Estilo cl\u00e1ssico\",\"Estilo Italico\",\"Estilo Neocl\u00e1ssico\",\"Inspira\u00e7\u00e3o\",\"Inspira\u00e7\u00f5es\",\"Mansoes\",\"Reforma\"],\"inLanguage\":\"en-US\"},{\"@type\":\"WebPage\",\"@id\":\"https:\\\/\\\/italicohomes.com\\\/blog\\\/fachada-com-nova-linguagem-no-gramado-campinas\\\/\",\"url\":\"https:\\\/\\\/italicohomes.com\\\/blog\\\/fachada-com-nova-linguagem-no-gramado-campinas\\\/\",\"name\":\"Fachada com Nova Linguagem no Gramado \u2013 Campinas - Italico Special Homes\",\"isPartOf\":{\"@id\":\"https:\\\/\\\/italicohomes.com\\\/#website\"},\"primaryImageOfPage\":{\"@id\":\"https:\\\/\\\/italicohomes.com\\\/blog\\\/fachada-com-nova-linguagem-no-gramado-campinas\\\/#primaryimage\"},\"image\":{\"@id\":\"https:\\\/\\\/italicohomes.com\\\/blog\\\/fachada-com-nova-linguagem-no-gramado-campinas\\\/#primaryimage\"},\"thumbnailUrl\":\"https:\\\/\\\/italicohomes.com\\\/wp-content\\\/uploads\\\/2025\\\/06\\\/fachada-com-nova-linguagem-no-gramado-campinas-1.jpg\",\"datePublished\":\"2025-06-12T15:04:25+00:00\",\"description\":\"Veja essa Fachada com Nova Linguagem no Gramado \u2013 Campinas. E conhe\u00e7a + de 2.600 projetos em nosso site.\",\"breadcrumb\":{\"@id\":\"https:\\\/\\\/italicohomes.com\\\/blog\\\/fachada-com-nova-linguagem-no-gramado-campinas\\\/#breadcrumb\"},\"inLanguage\":\"en-US\",\"potentialAction\":[{\"@type\":\"ReadAction\",\"target\":[\"https:\\\/\\\/italicohomes.com\\\/blog\\\/fachada-com-nova-linguagem-no-gramado-campinas\\\/\"]}]},{\"@type\":\"ImageObject\",\"inLanguage\":\"en-US\",\"@id\":\"https:\\\/\\\/italicohomes.com\\\/blog\\\/fachada-com-nova-linguagem-no-gramado-campinas\\\/#primaryimage\",\"url\":\"https:\\\/\\\/italicohomes.com\\\/wp-content\\\/uploads\\\/2025\\\/06\\\/fachada-com-nova-linguagem-no-gramado-campinas-1.jpg\",\"contentUrl\":\"https:\\\/\\\/italicohomes.com\\\/wp-content\\\/uploads\\\/2025\\\/06\\\/fachada-com-nova-linguagem-no-gramado-campinas-1.jpg\",\"width\":2048,\"height\":1152,\"caption\":\"Fachada com Nova Linguagem no Gramado \u2013 Campinas\"},{\"@type\":\"BreadcrumbList\",\"@id\":\"https:\\\/\\\/italicohomes.com\\\/blog\\\/fachada-com-nova-linguagem-no-gramado-campinas\\\/#breadcrumb\",\"itemListElement\":[{\"@type\":\"ListItem\",\"position\":1,\"name\":\"Home\",\"item\":\"https:\\\/\\\/italicohomes.com\\\/\"},{\"@type\":\"ListItem\",\"position\":2,\"name\":\"Fachada com Nova Linguagem no Gramado \u2013 Campinas\"}]},{\"@type\":\"WebSite\",\"@id\":\"https:\\\/\\\/italicohomes.com\\\/#website\",\"url\":\"https:\\\/\\\/italicohomes.com\\\/\",\"name\":\"Italico Special Homes\",\"description\":\"Arquitetura e Design\",\"publisher\":{\"@id\":\"https:\\\/\\\/italicohomes.com\\\/#organization\"},\"potentialAction\":[{\"@type\":\"SearchAction\",\"target\":{\"@type\":\"EntryPoint\",\"urlTemplate\":\"https:\\\/\\\/italicohomes.com\\\/?s={search_term_string}\"},\"query-input\":{\"@type\":\"PropertyValueSpecification\",\"valueRequired\":true,\"valueName\":\"search_term_string\"}}],\"inLanguage\":\"en-US\"},{\"@type\":\"Organization\",\"@id\":\"https:\\\/\\\/italicohomes.com\\\/#organization\",\"name\":\"Italico Special Homes\",\"url\":\"https:\\\/\\\/italicohomes.com\\\/\",\"logo\":{\"@type\":\"ImageObject\",\"inLanguage\":\"en-US\",\"@id\":\"https:\\\/\\\/italicohomes.com\\\/#\\\/schema\\\/logo\\\/image\\\/\",\"url\":\"https:\\\/\\\/italicohomes.com\\\/wp-content\\\/uploads\\\/2021\\\/08\\\/logo.png\",\"contentUrl\":\"https:\\\/\\\/italicohomes.com\\\/wp-content\\\/uploads\\\/2021\\\/08\\\/logo.png\",\"width\":122,\"height\":65,\"caption\":\"Italico Special Homes\"},\"image\":{\"@id\":\"https:\\\/\\\/italicohomes.com\\\/#\\\/schema\\\/logo\\\/image\\\/\"},\"sameAs\":[\"https:\\\/\\\/www.facebook.com\\\/italicohomes\",\"https:\\\/\\\/www.instagram.com\\\/italicohomes\\\/?hl=pt-br\",\"https:\\\/\\\/www.youtube.com\\\/channel\\\/UCmtxxoFYZuBOKKmHIc9kaWw\"]},{\"@type\":\"Person\",\"@id\":\"https:\\\/\\\/italicohomes.com\\\/#\\\/schema\\\/person\\\/874ebc0a4d432656ef3f84edf6e5ac10\",\"name\":\"italicohomes\",\"image\":{\"@type\":\"ImageObject\",\"inLanguage\":\"en-US\",\"@id\":\"https:\\\/\\\/secure.gravatar.com\\\/avatar\\\/0702c07f32aa7c364f44823a9a88cc772d4ca8e51d387e91823081b20b3bf37e?s=96&d=mm&r=g\",\"url\":\"https:\\\/\\\/secure.gravatar.com\\\/avatar\\\/0702c07f32aa7c364f44823a9a88cc772d4ca8e51d387e91823081b20b3bf37e?s=96&d=mm&r=g\",\"contentUrl\":\"https:\\\/\\\/secure.gravatar.com\\\/avatar\\\/0702c07f32aa7c364f44823a9a88cc772d4ca8e51d387e91823081b20b3bf37e?s=96&d=mm&r=g\",\"caption\":\"italicohomes\"}}]}<\/script>\n<!-- \/ Yoast SEO Premium plugin. -->","yoast_head_json":{"title":"Fachada com Nova Linguagem no Gramado \u2013 Campinas - Italico Special Homes","description":"Veja essa Fachada com Nova Linguagem no Gramado \u2013 Campinas. E conhe\u00e7a + de 2.600 projetos em nosso site.","robots":{"index":"index","follow":"follow","max-snippet":"max-snippet:-1","max-image-preview":"max-image-preview:large","max-video-preview":"max-video-preview:-1"},"canonical":"https:\/\/italicohomes.com\/en\/blog\/fachada-com-nova-linguagem-no-gramado-campinas\/","og_locale":"en_US","og_type":"article","og_title":"Fachada com Nova Linguagem no Gramado \u2013 Campinas","og_description":"Veja essa Fachada com Nova Linguagem no Gramado \u2013 Campinas. E conhe\u00e7a + de 2.600 projetos em nosso site.","og_url":"https:\/\/italicohomes.com\/en\/blog\/fachada-com-nova-linguagem-no-gramado-campinas\/","og_site_name":"Italico Special Homes","article_publisher":"https:\/\/www.facebook.com\/italicohomes","article_published_time":"2025-06-12T15:04:25+00:00","og_image":[{"width":2048,"height":1152,"url":"https:\/\/italicohomes.com\/wp-content\/uploads\/2025\/06\/fachada-com-nova-linguagem-no-gramado-campinas-1.jpg","type":"image\/jpeg"}],"author":"italicohomes","twitter_card":"summary_large_image","schema":{"@context":"https:\/\/schema.org","@graph":[{"@type":"Article","@id":"https:\/\/italicohomes.com\/blog\/fachada-com-nova-linguagem-no-gramado-campinas\/#article","isPartOf":{"@id":"https:\/\/italicohomes.com\/blog\/fachada-com-nova-linguagem-no-gramado-campinas\/"},"author":{"name":"italicohomes","@id":"https:\/\/italicohomes.com\/#\/schema\/person\/874ebc0a4d432656ef3f84edf6e5ac10"},"headline":"Fachada com Nova Linguagem no Gramado \u2013 Campinas","datePublished":"2025-06-12T15:04:25+00:00","mainEntityOfPage":{"@id":"https:\/\/italicohomes.com\/blog\/fachada-com-nova-linguagem-no-gramado-campinas\/"},"wordCount":335,"publisher":{"@id":"https:\/\/italicohomes.com\/#organization"},"image":{"@id":"https:\/\/italicohomes.com\/blog\/fachada-com-nova-linguagem-no-gramado-campinas\/#primaryimage"},"thumbnailUrl":"https:\/\/italicohomes.com\/wp-content\/uploads\/2025\/06\/fachada-com-nova-linguagem-no-gramado-campinas-1.jpg","keywords":["arquiteto campinas","arquiteto casa classica","arquiteto casa classica perto de mim","arquiteto casa neoclassica","arquiteto casa neoclassica perto de mim","arquiteto cl\u00e1ssico","arquiteto de casa cl\u00e1ssica","arquiteto de casas cl\u00e1ssicas","arquiteto especialista em estilo neocl\u00e1ssico","arquiteto neocl\u00e1ssico","arquiteto para casa neocl\u00e1ssica","arquiteto projeto classico","arquitetura campinas","arquitetura cl\u00e1ssica","arquitetura neocl\u00e1ssica","casa de luxo","casa luxuosa","casa neoclassica","casas alto padrao","casas de alto padrao","condom\u00ednio alto padr\u00e3o"],"articleSection":["arquiteto campinas","Arquitetura","Campinas","Condom\u00ednio Gramado","Estilo cl\u00e1ssico","Estilo Italico","Estilo Neocl\u00e1ssico","Inspira\u00e7\u00e3o","Inspira\u00e7\u00f5es","Mansoes","Reforma"],"inLanguage":"en-US"},{"@type":"WebPage","@id":"https:\/\/italicohomes.com\/blog\/fachada-com-nova-linguagem-no-gramado-campinas\/","url":"https:\/\/italicohomes.com\/blog\/fachada-com-nova-linguagem-no-gramado-campinas\/","name":"Fachada com Nova Linguagem no Gramado \u2013 Campinas - Italico Special Homes","isPartOf":{"@id":"https:\/\/italicohomes.com\/#website"},"primaryImageOfPage":{"@id":"https:\/\/italicohomes.com\/blog\/fachada-com-nova-linguagem-no-gramado-campinas\/#primaryimage"},"image":{"@id":"https:\/\/italicohomes.com\/blog\/fachada-com-nova-linguagem-no-gramado-campinas\/#primaryimage"},"thumbnailUrl":"https:\/\/italicohomes.com\/wp-content\/uploads\/2025\/06\/fachada-com-nova-linguagem-no-gramado-campinas-1.jpg","datePublished":"2025-06-12T15:04:25+00:00","description":"Veja essa Fachada com Nova Linguagem no Gramado \u2013 Campinas. E conhe\u00e7a + de 2.600 projetos em nosso site.","breadcrumb":{"@id":"https:\/\/italicohomes.com\/blog\/fachada-com-nova-linguagem-no-gramado-campinas\/#breadcrumb"},"inLanguage":"en-US","potentialAction":[{"@type":"ReadAction","target":["https:\/\/italicohomes.com\/blog\/fachada-com-nova-linguagem-no-gramado-campinas\/"]}]},{"@type":"ImageObject","inLanguage":"en-US","@id":"https:\/\/italicohomes.com\/blog\/fachada-com-nova-linguagem-no-gramado-campinas\/#primaryimage","url":"https:\/\/italicohomes.com\/wp-content\/uploads\/2025\/06\/fachada-com-nova-linguagem-no-gramado-campinas-1.jpg","contentUrl":"https:\/\/italicohomes.com\/wp-content\/uploads\/2025\/06\/fachada-com-nova-linguagem-no-gramado-campinas-1.jpg","width":2048,"height":1152,"caption":"Fachada com Nova Linguagem no Gramado \u2013 Campinas"},{"@type":"BreadcrumbList","@id":"https:\/\/italicohomes.com\/blog\/fachada-com-nova-linguagem-no-gramado-campinas\/#breadcrumb","itemListElement":[{"@type":"ListItem","position":1,"name":"Home","item":"https:\/\/italicohomes.com\/"},{"@type":"ListItem","position":2,"name":"Fachada com Nova Linguagem no Gramado \u2013 Campinas"}]},{"@type":"WebSite","@id":"https:\/\/italicohomes.com\/#website","url":"https:\/\/italicohomes.com\/","name":"Italico Special Homes","description":"Arquitetura e Design","publisher":{"@id":"https:\/\/italicohomes.com\/#organization"},"potentialAction":[{"@type":"SearchAction","target":{"@type":"EntryPoint","urlTemplate":"https:\/\/italicohomes.com\/?s={search_term_string}"},"query-input":{"@type":"PropertyValueSpecification","valueRequired":true,"valueName":"search_term_string"}}],"inLanguage":"en-US"},{"@type":"Organization","@id":"https:\/\/italicohomes.com\/#organization","name":"Italico Special Homes","url":"https:\/\/italicohomes.com\/","logo":{"@type":"ImageObject","inLanguage":"en-US","@id":"https:\/\/italicohomes.com\/#\/schema\/logo\/image\/","url":"https:\/\/italicohomes.com\/wp-content\/uploads\/2021\/08\/logo.png","contentUrl":"https:\/\/italicohomes.com\/wp-content\/uploads\/2021\/08\/logo.png","width":122,"height":65,"caption":"Italico Special Homes"},"image":{"@id":"https:\/\/italicohomes.com\/#\/schema\/logo\/image\/"},"sameAs":["https:\/\/www.facebook.com\/italicohomes","https:\/\/www.instagram.com\/italicohomes\/?hl=pt-br","https:\/\/www.youtube.com\/channel\/UCmtxxoFYZuBOKKmHIc9kaWw"]},{"@type":"Person","@id":"https:\/\/italicohomes.com\/#\/schema\/person\/874ebc0a4d432656ef3f84edf6e5ac10","name":"italicohomes","image":{"@type":"ImageObject","inLanguage":"en-US","@id":"https:\/\/secure.gravatar.com\/avatar\/0702c07f32aa7c364f44823a9a88cc772d4ca8e51d387e91823081b20b3bf37e?s=96&d=mm&r=g","url":"https:\/\/secure.gravatar.com\/avatar\/0702c07f32aa7c364f44823a9a88cc772d4ca8e51d387e91823081b20b3bf37e?s=96&d=mm&r=g","contentUrl":"https:\/\/secure.gravatar.com\/avatar\/0702c07f32aa7c364f44823a9a88cc772d4ca8e51d387e91823081b20b3bf37e?s=96&d=mm&r=g","caption":"italicohomes"}}]}},"_links":{"self":[{"href":"https:\/\/italicohomes.com\/en\/wp-json\/wp\/v2\/posts\/17860","targetHints":{"allow":["GET"]}}],"collection":[{"href":"https:\/\/italicohomes.com\/en\/wp-json\/wp\/v2\/posts"}],"about":[{"href":"https:\/\/italicohomes.com\/en\/wp-json\/wp\/v2\/types\/post"}],"author":[{"embeddable":true,"href":"https:\/\/italicohomes.com\/en\/wp-json\/wp\/v2\/users\/2"}],"replies":[{"embeddable":true,"href":"https:\/\/italicohomes.com\/en\/wp-json\/wp\/v2\/comments?post=17860"}],"version-history":[{"count":1,"href":"https:\/\/italicohomes.com\/en\/wp-json\/wp\/v2\/posts\/17860\/revisions"}],"predecessor-version":[{"id":17864,"href":"https:\/\/italicohomes.com\/en\/wp-json\/wp\/v2\/posts\/17860\/revisions\/17864"}],"wp:featuredmedia":[{"embeddable":true,"href":"https:\/\/italicohomes.com\/en\/wp-json\/wp\/v2\/media\/17863"}],"wp:attachment":[{"href":"https:\/\/italicohomes.com\/en\/wp-json\/wp\/v2\/media?parent=17860"}],"wp:term":[{"taxonomy":"category","embeddable":true,"href":"https:\/\/italicohomes.com\/en\/wp-json\/wp\/v2\/categories?post=17860"},{"taxonomy":"post_tag","embeddable":true,"href":"https:\/\/italicohomes.com\/en\/wp-json\/wp\/v2\/tags?post=17860"}],"curies":[{"name":"wp","href":"https:\/\/api.w.org\/{rel}","templated":true}]}}