{"id":18276,"date":"2025-07-04T14:30:10","date_gmt":"2025-07-04T17:30:10","guid":{"rendered":"https:\/\/italicohomes.com\/?p=18276"},"modified":"2025-07-04T14:30:10","modified_gmt":"2025-07-04T17:30:10","slug":"reforma-arquitetonica-no-swiss-park-em-campinas","status":"publish","type":"post","link":"https:\/\/italicohomes.com\/en\/blog\/reforma-arquitetonica-no-swiss-park-em-campinas\/","title":{"rendered":"Reforma Arquitet\u00f4nica no Swiss Park em Campinas"},"content":{"rendered":"<p data-start=\"0\" data-end=\"660\"><span class=\"s1\">Se voc\u00ea esta buscando Reforma Arquitet\u00f4nica no Swiss Park em Campinas, ent\u00e3o voc\u00ea est\u00e1 no melhor site!<\/span><\/p>\n<p data-start=\"0\" data-end=\"660\">A reforma arquitet\u00f4nica realizada no Swiss Park, em Campinas, representa uma abordagem estrat\u00e9gica para valoriza\u00e7\u00e3o imobili\u00e1ria e melhoria da qualidade de vida dos moradores.<\/p>\n<p data-start=\"0\" data-end=\"660\">Com foco em solu\u00e7\u00f5es inteligentes e personalizadas, o projeto partiu da premissa de modernizar os ambientes internos e revitalizar a fachada, respeitando a identidade do im\u00f3vel e os par\u00e2metros est\u00e9ticos do condom\u00ednio.<\/p>\n<p data-start=\"0\" data-end=\"660\"><img fetchpriority=\"high\" decoding=\"async\" class=\"alignnone size-large wp-image-18277\" src=\"https:\/\/italicohomes.com\/wp-content\/uploads\/2025\/07\/reforma-arquitetonica-no-swiss-park-em-campinas-1-1024x576.jpg\" alt=\"Reforma Arquitet\u00f4nica no Swiss Park em Campinas\" width=\"640\" height=\"360\" srcset=\"https:\/\/italicohomes.com\/wp-content\/uploads\/2025\/07\/reforma-arquitetonica-no-swiss-park-em-campinas-1-1024x576.jpg 1024w, https:\/\/italicohomes.com\/wp-content\/uploads\/2025\/07\/reforma-arquitetonica-no-swiss-park-em-campinas-1-300x169.jpg 300w, https:\/\/italicohomes.com\/wp-content\/uploads\/2025\/07\/reforma-arquitetonica-no-swiss-park-em-campinas-1-768x432.jpg 768w, https:\/\/italicohomes.com\/wp-content\/uploads\/2025\/07\/reforma-arquitetonica-no-swiss-park-em-campinas-1-1536x864.jpg 1536w, https:\/\/italicohomes.com\/wp-content\/uploads\/2025\/07\/reforma-arquitetonica-no-swiss-park-em-campinas-1-18x10.jpg 18w, https:\/\/italicohomes.com\/wp-content\/uploads\/2025\/07\/reforma-arquitetonica-no-swiss-park-em-campinas-1.jpg 2048w\" sizes=\"(max-width: 640px) 100vw, 640px\" \/><\/p>\n<p data-start=\"0\" data-end=\"660\">Entre as principais interven\u00e7\u00f5es, destacam-se a amplia\u00e7\u00e3o dos espa\u00e7os integrados, a atualiza\u00e7\u00e3o do layout com novos fluxos funcionais e o uso de materiais de alto desempenho, como revestimentos sustent\u00e1veis, esquadrias e ilumina\u00e7\u00e3o em LED.<\/p>\n<p data-start=\"662\" data-end=\"1391\" data-is-last-node=\"\" data-is-only-node=\"\">A proposta buscou n\u00e3o apenas atender \u00e0s necessidades atuais da fam\u00edlia, mas tamb\u00e9m preparar a resid\u00eancia para um uso mais eficiente e duradouro, agregando valor arquitet\u00f4nico e sofistica\u00e7\u00e3o.<\/p>\n<p data-pm-slice=\"1 1 []\">Ent\u00e3o, nossa equipe est\u00e1 pronta para te atender e te ajudar com seu\u00a0<a href=\"https:\/\/italicohomes.com\/projetos\/\">projeto<\/a>.<\/p>\n<p data-pm-slice=\"1 1 []\">Nosso escrit\u00f3rio \u00e9 especialista em Reforma Arquitet\u00f4nica no Swiss Park em Campinas.<\/p>\n<p data-start=\"662\" data-end=\"1391\" data-is-last-node=\"\" data-is-only-node=\"\"><img decoding=\"async\" class=\"alignnone size-large wp-image-18278\" src=\"https:\/\/italicohomes.com\/wp-content\/uploads\/2025\/07\/reforma-arquitetonica-no-swiss-park-em-campinas-2-816x1024.jpg\" alt=\"Reforma Arquitet\u00f4nica no Swiss Park em Campinas\" width=\"640\" height=\"803\" srcset=\"https:\/\/italicohomes.com\/wp-content\/uploads\/2025\/07\/reforma-arquitetonica-no-swiss-park-em-campinas-2-816x1024.jpg 816w, https:\/\/italicohomes.com\/wp-content\/uploads\/2025\/07\/reforma-arquitetonica-no-swiss-park-em-campinas-2-239x300.jpg 239w, https:\/\/italicohomes.com\/wp-content\/uploads\/2025\/07\/reforma-arquitetonica-no-swiss-park-em-campinas-2-768x964.jpg 768w, https:\/\/italicohomes.com\/wp-content\/uploads\/2025\/07\/reforma-arquitetonica-no-swiss-park-em-campinas-2-10x12.jpg 10w, https:\/\/italicohomes.com\/wp-content\/uploads\/2025\/07\/reforma-arquitetonica-no-swiss-park-em-campinas-2.jpg 918w\" sizes=\"(max-width: 640px) 100vw, 640px\" \/><\/p>\n<p data-start=\"662\" data-end=\"1391\" data-is-last-node=\"\" data-is-only-node=\"\"><span style=\"font-size: 16px;\">Dessa forma, se gostou desse projeto, nos chame em nosso <\/span><a style=\"font-size: 16px;\" href=\"https:\/\/api.whatsapp.com\/send\/?phone=5519981337909&amp;text=Ol%C3%A1%2C+gostaria+de+saber+mais+sobre+os+servi%C3%A7os+da+Italico&amp;app_absent=0\"><span class=\"s2\">WhatsApp,<\/span><\/a><span style=\"font-size: 16px;\"> vamos conversar sobre sua futura casa.<\/span><\/p>\n<p data-start=\"662\" data-end=\"1391\" data-is-last-node=\"\" data-is-only-node=\"\">A implanta\u00e7\u00e3o de solu\u00e7\u00f5es biof\u00edlicas, como jardins internos e aberturas generosas para entrada de luz natural, trouxe equil\u00edbrio entre est\u00e9tica e bem-estar.<\/p>\n<p data-start=\"662\" data-end=\"1391\" data-is-last-node=\"\" data-is-only-node=\"\">Com foco em design atemporal, cada detalhe da reforma foi planejado para entregar conforto, praticidade e eleg\u00e2ncia.<\/p>\n<p data-start=\"662\" data-end=\"1391\" data-is-last-node=\"\" data-is-only-node=\"\">Veja esse <a href=\"https:\/\/youtu.be\/vOSI7EHAkQw?si=QcHyeHZMiBR_TWg-\">projeto completo<\/a>!<\/p>\n<p data-start=\"662\" data-end=\"1391\" data-is-last-node=\"\" data-is-only-node=\"\"><img decoding=\"async\" class=\"alignnone size-large wp-image-18279\" src=\"https:\/\/italicohomes.com\/wp-content\/uploads\/2025\/07\/reforma-arquitetonica-no-swiss-park-em-campinas-3-1024x576.jpg\" alt=\"Reforma Arquitet\u00f4nica no Swiss Park em Campinas\" width=\"640\" height=\"360\" srcset=\"https:\/\/italicohomes.com\/wp-content\/uploads\/2025\/07\/reforma-arquitetonica-no-swiss-park-em-campinas-3-1024x576.jpg 1024w, https:\/\/italicohomes.com\/wp-content\/uploads\/2025\/07\/reforma-arquitetonica-no-swiss-park-em-campinas-3-300x169.jpg 300w, https:\/\/italicohomes.com\/wp-content\/uploads\/2025\/07\/reforma-arquitetonica-no-swiss-park-em-campinas-3-768x432.jpg 768w, https:\/\/italicohomes.com\/wp-content\/uploads\/2025\/07\/reforma-arquitetonica-no-swiss-park-em-campinas-3-1536x864.jpg 1536w, https:\/\/italicohomes.com\/wp-content\/uploads\/2025\/07\/reforma-arquitetonica-no-swiss-park-em-campinas-3-18x10.jpg 18w, https:\/\/italicohomes.com\/wp-content\/uploads\/2025\/07\/reforma-arquitetonica-no-swiss-park-em-campinas-3.jpg 2048w\" sizes=\"(max-width: 640px) 100vw, 640px\" \/><\/p>\n<p data-start=\"662\" data-end=\"1391\" data-is-last-node=\"\" data-is-only-node=\"\">Essa transforma\u00e7\u00e3o no Swiss Park refor\u00e7a a import\u00e2ncia de investir em reformas que aliam est\u00e9tica neocl\u00e1ssica, funcionalidade e valoriza\u00e7\u00e3o patrimonial \u2014 um movimento cada vez mais presente nas tend\u00eancias de arquitetura em condom\u00ednios de alto padr\u00e3o em Campinas.<\/p>\n<p><span class=\"s1\">Entre em contato agora mesmo atrav\u00e9s do\u00a0WhatsApp: (19) 98133-7909 ou Clique no Link\u00a0<a href=\"https:\/\/wa.me\/5519981337909\"><span class=\"s3\">https:\/\/wa.me\/5519981337909<\/span><\/a><\/span><\/p>\n<h3 class=\"p1\"><span class=\"s3\">Al\u00e9m disso, conhe\u00e7a tamb\u00e9m nossas redes sociais:<\/span><\/h3>\n<p class=\"p1\"><span class=\"s4\"><a href=\"https:\/\/www.youtube.com\/c\/ItalicoSpecialHomes\/videos\">Youtube<\/a><\/span><\/p>\n<p class=\"p1\"><span class=\"s4\"><a href=\"https:\/\/www.instagram.com\/italicohomes\/\">Instagram<\/a><\/span><\/p>\n<p class=\"p1\"><span class=\"s4\"><a href=\"https:\/\/br.pinterest.com\/italicohomes\/_created\/\">Pinterest<\/a><\/span><\/p>\n<p class=\"p1\"><span class=\"s3\">Queremos te ajudar a fazer o projeto dos seus sonhos.<\/span><\/p>\n<p class=\"p1\"><span class=\"s3\">Veja tamb\u00e9m outros Projetos de Reforma Arquitet\u00f4nica no Swiss Park em nosso <a href=\"https:\/\/italicohomes.com\/\"><span class=\"s4\">site.<\/span><\/a><\/span><\/p>","protected":false},"excerpt":{"rendered":"<p>Se voc\u00ea esta buscando Reforma Arquitet\u00f4nica no Swiss Park em Campinas, ent\u00e3o voc\u00ea est\u00e1 no melhor site! A reforma arquitet\u00f4nica realizada no Swiss Park, em Campinas, representa uma abordagem estrat\u00e9gica para valoriza\u00e7\u00e3o imobili\u00e1ria e melhoria da qualidade de vida dos moradores. Com foco em solu\u00e7\u00f5es inteligentes e personalizadas, o projeto partiu da premissa de modernizar [&hellip;]<\/p>\n","protected":false},"author":2,"featured_media":18277,"comment_status":"closed","ping_status":"closed","sticky":false,"template":"","format":"standard","meta":{"_acf_changed":false,"footnotes":""},"categories":[2276,23,910,2294,28,43,2291,17,62,116,2043],"tags":[70,2076,2079,2077,2078,220,1013,516,1297,1596,1465,2075,69,221,1598,154,38,39,58,111,79],"class_list":["post-18276","post","type-post","status-publish","format-standard","has-post-thumbnail","hentry","category-arquiteto-campinas","category-arquitetura","category-campinas","category-condominio-swiss-park","category-estilo-classico","category-estilo-italico","category-estilo-neoclassico","category-inspiracao","category-inspiracoes","category-mansoes","category-reforma","tag-arquiteto-campinas","tag-arquiteto-casa-classica","tag-arquiteto-casa-classica-perto-de-mim","tag-arquiteto-casa-neoclassica","tag-arquiteto-casa-neoclassica-perto-de-mim","tag-arquiteto-classico","tag-arquiteto-de-casa-classica","tag-arquiteto-de-casas-classicas","tag-arquiteto-especialista-em-estilo-neoclassico","tag-arquiteto-neoclassico","tag-arquiteto-para-casa-neoclassica","tag-arquiteto-projeto-classico","tag-arquitetura-campinas","tag-arquitetura-classica","tag-arquitetura-neoclassica","tag-casa-de-luxo","tag-casa-luxuosa","tag-casa-neoclassica","tag-casas-alto-padrao","tag-casas-de-alto-padrao","tag-condominio-alto-padrao"],"acf":[],"yoast_head":"<!-- This site is optimized with the Yoast SEO Premium plugin v20.13 (Yoast SEO v27.4) - https:\/\/yoast.com\/product\/yoast-seo-premium-wordpress\/ -->\n<title>Reforma Arquitet\u00f4nica no Swiss Park em Campinas - Italico Special Homes<\/title>\n<meta name=\"description\" content=\"Veja essa Reforma Arquitet\u00f4nica no Swiss Park em Campinas. E conhe\u00e7a + de 2.700 projetos em nosso site.\" \/>\n<meta name=\"robots\" content=\"index, follow, max-snippet:-1, max-image-preview:large, max-video-preview:-1\" \/>\n<link rel=\"canonical\" href=\"https:\/\/italicohomes.com\/en\/blog\/reforma-arquitetonica-no-swiss-park-em-campinas\/\" \/>\n<meta property=\"og:locale\" content=\"en_US\" \/>\n<meta property=\"og:type\" content=\"article\" \/>\n<meta property=\"og:title\" content=\"Reforma Arquitet\u00f4nica no Swiss Park em Campinas\" \/>\n<meta property=\"og:description\" content=\"Veja essa Reforma Arquitet\u00f4nica no Swiss Park em Campinas. E conhe\u00e7a + de 2.700 projetos em nosso site.\" \/>\n<meta property=\"og:url\" content=\"https:\/\/italicohomes.com\/en\/blog\/reforma-arquitetonica-no-swiss-park-em-campinas\/\" \/>\n<meta property=\"og:site_name\" content=\"Italico Special Homes\" \/>\n<meta property=\"article:publisher\" content=\"https:\/\/www.facebook.com\/italicohomes\" \/>\n<meta property=\"article:published_time\" content=\"2025-07-04T17:30:10+00:00\" \/>\n<meta property=\"og:image\" content=\"https:\/\/italicohomes.com\/wp-content\/uploads\/2025\/07\/reforma-arquitetonica-no-swiss-park-em-campinas-1.jpg\" \/>\n\t<meta property=\"og:image:width\" content=\"2048\" \/>\n\t<meta property=\"og:image:height\" content=\"1152\" \/>\n\t<meta property=\"og:image:type\" content=\"image\/jpeg\" \/>\n<meta name=\"author\" content=\"italicohomes\" \/>\n<meta name=\"twitter:card\" content=\"summary_large_image\" \/>\n<script type=\"application\/ld+json\" class=\"yoast-schema-graph\">{\"@context\":\"https:\\\/\\\/schema.org\",\"@graph\":[{\"@type\":\"Article\",\"@id\":\"https:\\\/\\\/italicohomes.com\\\/blog\\\/reforma-arquitetonica-no-swiss-park-em-campinas\\\/#article\",\"isPartOf\":{\"@id\":\"https:\\\/\\\/italicohomes.com\\\/blog\\\/reforma-arquitetonica-no-swiss-park-em-campinas\\\/\"},\"author\":{\"name\":\"italicohomes\",\"@id\":\"https:\\\/\\\/italicohomes.com\\\/#\\\/schema\\\/person\\\/874ebc0a4d432656ef3f84edf6e5ac10\"},\"headline\":\"Reforma Arquitet\u00f4nica no Swiss Park em Campinas\",\"datePublished\":\"2025-07-04T17:30:10+00:00\",\"mainEntityOfPage\":{\"@id\":\"https:\\\/\\\/italicohomes.com\\\/blog\\\/reforma-arquitetonica-no-swiss-park-em-campinas\\\/\"},\"wordCount\":361,\"publisher\":{\"@id\":\"https:\\\/\\\/italicohomes.com\\\/#organization\"},\"image\":{\"@id\":\"https:\\\/\\\/italicohomes.com\\\/blog\\\/reforma-arquitetonica-no-swiss-park-em-campinas\\\/#primaryimage\"},\"thumbnailUrl\":\"https:\\\/\\\/italicohomes.com\\\/wp-content\\\/uploads\\\/2025\\\/07\\\/reforma-arquitetonica-no-swiss-park-em-campinas-1.jpg\",\"keywords\":[\"arquiteto campinas\",\"arquiteto casa classica\",\"arquiteto casa classica perto de mim\",\"arquiteto casa neoclassica\",\"arquiteto casa neoclassica perto de mim\",\"arquiteto cl\u00e1ssico\",\"arquiteto de casa cl\u00e1ssica\",\"arquiteto de casas cl\u00e1ssicas\",\"arquiteto especialista em estilo neocl\u00e1ssico\",\"arquiteto neocl\u00e1ssico\",\"arquiteto para casa neocl\u00e1ssica\",\"arquiteto projeto classico\",\"arquitetura campinas\",\"arquitetura cl\u00e1ssica\",\"arquitetura neocl\u00e1ssica\",\"casa de luxo\",\"casa luxuosa\",\"casa neoclassica\",\"casas alto padrao\",\"casas de alto padrao\",\"condom\u00ednio alto padr\u00e3o\"],\"articleSection\":[\"arquiteto campinas\",\"Arquitetura\",\"Campinas\",\"Condom\u00ednio Swiss Park\",\"Estilo cl\u00e1ssico\",\"Estilo Italico\",\"Estilo Neocl\u00e1ssico\",\"Inspira\u00e7\u00e3o\",\"Inspira\u00e7\u00f5es\",\"Mansoes\",\"Reforma\"],\"inLanguage\":\"en-US\"},{\"@type\":\"WebPage\",\"@id\":\"https:\\\/\\\/italicohomes.com\\\/blog\\\/reforma-arquitetonica-no-swiss-park-em-campinas\\\/\",\"url\":\"https:\\\/\\\/italicohomes.com\\\/blog\\\/reforma-arquitetonica-no-swiss-park-em-campinas\\\/\",\"name\":\"Reforma Arquitet\u00f4nica no Swiss Park em Campinas - Italico Special Homes\",\"isPartOf\":{\"@id\":\"https:\\\/\\\/italicohomes.com\\\/#website\"},\"primaryImageOfPage\":{\"@id\":\"https:\\\/\\\/italicohomes.com\\\/blog\\\/reforma-arquitetonica-no-swiss-park-em-campinas\\\/#primaryimage\"},\"image\":{\"@id\":\"https:\\\/\\\/italicohomes.com\\\/blog\\\/reforma-arquitetonica-no-swiss-park-em-campinas\\\/#primaryimage\"},\"thumbnailUrl\":\"https:\\\/\\\/italicohomes.com\\\/wp-content\\\/uploads\\\/2025\\\/07\\\/reforma-arquitetonica-no-swiss-park-em-campinas-1.jpg\",\"datePublished\":\"2025-07-04T17:30:10+00:00\",\"description\":\"Veja essa Reforma Arquitet\u00f4nica no Swiss Park em Campinas. E conhe\u00e7a + de 2.700 projetos em nosso site.\",\"breadcrumb\":{\"@id\":\"https:\\\/\\\/italicohomes.com\\\/blog\\\/reforma-arquitetonica-no-swiss-park-em-campinas\\\/#breadcrumb\"},\"inLanguage\":\"en-US\",\"potentialAction\":[{\"@type\":\"ReadAction\",\"target\":[\"https:\\\/\\\/italicohomes.com\\\/blog\\\/reforma-arquitetonica-no-swiss-park-em-campinas\\\/\"]}]},{\"@type\":\"ImageObject\",\"inLanguage\":\"en-US\",\"@id\":\"https:\\\/\\\/italicohomes.com\\\/blog\\\/reforma-arquitetonica-no-swiss-park-em-campinas\\\/#primaryimage\",\"url\":\"https:\\\/\\\/italicohomes.com\\\/wp-content\\\/uploads\\\/2025\\\/07\\\/reforma-arquitetonica-no-swiss-park-em-campinas-1.jpg\",\"contentUrl\":\"https:\\\/\\\/italicohomes.com\\\/wp-content\\\/uploads\\\/2025\\\/07\\\/reforma-arquitetonica-no-swiss-park-em-campinas-1.jpg\",\"width\":2048,\"height\":1152,\"caption\":\"Reforma Arquitet\u00f4nica no Swiss Park em Campinas\"},{\"@type\":\"BreadcrumbList\",\"@id\":\"https:\\\/\\\/italicohomes.com\\\/blog\\\/reforma-arquitetonica-no-swiss-park-em-campinas\\\/#breadcrumb\",\"itemListElement\":[{\"@type\":\"ListItem\",\"position\":1,\"name\":\"Home\",\"item\":\"https:\\\/\\\/italicohomes.com\\\/\"},{\"@type\":\"ListItem\",\"position\":2,\"name\":\"Reforma Arquitet\u00f4nica no Swiss Park em Campinas\"}]},{\"@type\":\"WebSite\",\"@id\":\"https:\\\/\\\/italicohomes.com\\\/#website\",\"url\":\"https:\\\/\\\/italicohomes.com\\\/\",\"name\":\"Italico Special Homes\",\"description\":\"Arquitetura e Design\",\"publisher\":{\"@id\":\"https:\\\/\\\/italicohomes.com\\\/#organization\"},\"potentialAction\":[{\"@type\":\"SearchAction\",\"target\":{\"@type\":\"EntryPoint\",\"urlTemplate\":\"https:\\\/\\\/italicohomes.com\\\/?s={search_term_string}\"},\"query-input\":{\"@type\":\"PropertyValueSpecification\",\"valueRequired\":true,\"valueName\":\"search_term_string\"}}],\"inLanguage\":\"en-US\"},{\"@type\":\"Organization\",\"@id\":\"https:\\\/\\\/italicohomes.com\\\/#organization\",\"name\":\"Italico Special Homes\",\"url\":\"https:\\\/\\\/italicohomes.com\\\/\",\"logo\":{\"@type\":\"ImageObject\",\"inLanguage\":\"en-US\",\"@id\":\"https:\\\/\\\/italicohomes.com\\\/#\\\/schema\\\/logo\\\/image\\\/\",\"url\":\"https:\\\/\\\/italicohomes.com\\\/wp-content\\\/uploads\\\/2021\\\/08\\\/logo.png\",\"contentUrl\":\"https:\\\/\\\/italicohomes.com\\\/wp-content\\\/uploads\\\/2021\\\/08\\\/logo.png\",\"width\":122,\"height\":65,\"caption\":\"Italico Special Homes\"},\"image\":{\"@id\":\"https:\\\/\\\/italicohomes.com\\\/#\\\/schema\\\/logo\\\/image\\\/\"},\"sameAs\":[\"https:\\\/\\\/www.facebook.com\\\/italicohomes\",\"https:\\\/\\\/www.instagram.com\\\/italicohomes\\\/?hl=pt-br\",\"https:\\\/\\\/www.youtube.com\\\/channel\\\/UCmtxxoFYZuBOKKmHIc9kaWw\"]},{\"@type\":\"Person\",\"@id\":\"https:\\\/\\\/italicohomes.com\\\/#\\\/schema\\\/person\\\/874ebc0a4d432656ef3f84edf6e5ac10\",\"name\":\"italicohomes\",\"image\":{\"@type\":\"ImageObject\",\"inLanguage\":\"en-US\",\"@id\":\"https:\\\/\\\/secure.gravatar.com\\\/avatar\\\/0702c07f32aa7c364f44823a9a88cc772d4ca8e51d387e91823081b20b3bf37e?s=96&d=mm&r=g\",\"url\":\"https:\\\/\\\/secure.gravatar.com\\\/avatar\\\/0702c07f32aa7c364f44823a9a88cc772d4ca8e51d387e91823081b20b3bf37e?s=96&d=mm&r=g\",\"contentUrl\":\"https:\\\/\\\/secure.gravatar.com\\\/avatar\\\/0702c07f32aa7c364f44823a9a88cc772d4ca8e51d387e91823081b20b3bf37e?s=96&d=mm&r=g\",\"caption\":\"italicohomes\"}}]}<\/script>\n<!-- \/ Yoast SEO Premium plugin. -->","yoast_head_json":{"title":"Reforma Arquitet\u00f4nica no Swiss Park em Campinas - Italico Special Homes","description":"Veja essa Reforma Arquitet\u00f4nica no Swiss Park em Campinas. E conhe\u00e7a + de 2.700 projetos em nosso site.","robots":{"index":"index","follow":"follow","max-snippet":"max-snippet:-1","max-image-preview":"max-image-preview:large","max-video-preview":"max-video-preview:-1"},"canonical":"https:\/\/italicohomes.com\/en\/blog\/reforma-arquitetonica-no-swiss-park-em-campinas\/","og_locale":"en_US","og_type":"article","og_title":"Reforma Arquitet\u00f4nica no Swiss Park em Campinas","og_description":"Veja essa Reforma Arquitet\u00f4nica no Swiss Park em Campinas. E conhe\u00e7a + de 2.700 projetos em nosso site.","og_url":"https:\/\/italicohomes.com\/en\/blog\/reforma-arquitetonica-no-swiss-park-em-campinas\/","og_site_name":"Italico Special Homes","article_publisher":"https:\/\/www.facebook.com\/italicohomes","article_published_time":"2025-07-04T17:30:10+00:00","og_image":[{"width":2048,"height":1152,"url":"https:\/\/italicohomes.com\/wp-content\/uploads\/2025\/07\/reforma-arquitetonica-no-swiss-park-em-campinas-1.jpg","type":"image\/jpeg"}],"author":"italicohomes","twitter_card":"summary_large_image","schema":{"@context":"https:\/\/schema.org","@graph":[{"@type":"Article","@id":"https:\/\/italicohomes.com\/blog\/reforma-arquitetonica-no-swiss-park-em-campinas\/#article","isPartOf":{"@id":"https:\/\/italicohomes.com\/blog\/reforma-arquitetonica-no-swiss-park-em-campinas\/"},"author":{"name":"italicohomes","@id":"https:\/\/italicohomes.com\/#\/schema\/person\/874ebc0a4d432656ef3f84edf6e5ac10"},"headline":"Reforma Arquitet\u00f4nica no Swiss Park em Campinas","datePublished":"2025-07-04T17:30:10+00:00","mainEntityOfPage":{"@id":"https:\/\/italicohomes.com\/blog\/reforma-arquitetonica-no-swiss-park-em-campinas\/"},"wordCount":361,"publisher":{"@id":"https:\/\/italicohomes.com\/#organization"},"image":{"@id":"https:\/\/italicohomes.com\/blog\/reforma-arquitetonica-no-swiss-park-em-campinas\/#primaryimage"},"thumbnailUrl":"https:\/\/italicohomes.com\/wp-content\/uploads\/2025\/07\/reforma-arquitetonica-no-swiss-park-em-campinas-1.jpg","keywords":["arquiteto campinas","arquiteto casa classica","arquiteto casa classica perto de mim","arquiteto casa neoclassica","arquiteto casa neoclassica perto de mim","arquiteto cl\u00e1ssico","arquiteto de casa cl\u00e1ssica","arquiteto de casas cl\u00e1ssicas","arquiteto especialista em estilo neocl\u00e1ssico","arquiteto neocl\u00e1ssico","arquiteto para casa neocl\u00e1ssica","arquiteto projeto classico","arquitetura campinas","arquitetura cl\u00e1ssica","arquitetura neocl\u00e1ssica","casa de luxo","casa luxuosa","casa neoclassica","casas alto padrao","casas de alto padrao","condom\u00ednio alto padr\u00e3o"],"articleSection":["arquiteto campinas","Arquitetura","Campinas","Condom\u00ednio Swiss Park","Estilo cl\u00e1ssico","Estilo Italico","Estilo Neocl\u00e1ssico","Inspira\u00e7\u00e3o","Inspira\u00e7\u00f5es","Mansoes","Reforma"],"inLanguage":"en-US"},{"@type":"WebPage","@id":"https:\/\/italicohomes.com\/blog\/reforma-arquitetonica-no-swiss-park-em-campinas\/","url":"https:\/\/italicohomes.com\/blog\/reforma-arquitetonica-no-swiss-park-em-campinas\/","name":"Reforma Arquitet\u00f4nica no Swiss Park em Campinas - Italico Special Homes","isPartOf":{"@id":"https:\/\/italicohomes.com\/#website"},"primaryImageOfPage":{"@id":"https:\/\/italicohomes.com\/blog\/reforma-arquitetonica-no-swiss-park-em-campinas\/#primaryimage"},"image":{"@id":"https:\/\/italicohomes.com\/blog\/reforma-arquitetonica-no-swiss-park-em-campinas\/#primaryimage"},"thumbnailUrl":"https:\/\/italicohomes.com\/wp-content\/uploads\/2025\/07\/reforma-arquitetonica-no-swiss-park-em-campinas-1.jpg","datePublished":"2025-07-04T17:30:10+00:00","description":"Veja essa Reforma Arquitet\u00f4nica no Swiss Park em Campinas. E conhe\u00e7a + de 2.700 projetos em nosso site.","breadcrumb":{"@id":"https:\/\/italicohomes.com\/blog\/reforma-arquitetonica-no-swiss-park-em-campinas\/#breadcrumb"},"inLanguage":"en-US","potentialAction":[{"@type":"ReadAction","target":["https:\/\/italicohomes.com\/blog\/reforma-arquitetonica-no-swiss-park-em-campinas\/"]}]},{"@type":"ImageObject","inLanguage":"en-US","@id":"https:\/\/italicohomes.com\/blog\/reforma-arquitetonica-no-swiss-park-em-campinas\/#primaryimage","url":"https:\/\/italicohomes.com\/wp-content\/uploads\/2025\/07\/reforma-arquitetonica-no-swiss-park-em-campinas-1.jpg","contentUrl":"https:\/\/italicohomes.com\/wp-content\/uploads\/2025\/07\/reforma-arquitetonica-no-swiss-park-em-campinas-1.jpg","width":2048,"height":1152,"caption":"Reforma Arquitet\u00f4nica no Swiss Park em Campinas"},{"@type":"BreadcrumbList","@id":"https:\/\/italicohomes.com\/blog\/reforma-arquitetonica-no-swiss-park-em-campinas\/#breadcrumb","itemListElement":[{"@type":"ListItem","position":1,"name":"Home","item":"https:\/\/italicohomes.com\/"},{"@type":"ListItem","position":2,"name":"Reforma Arquitet\u00f4nica no Swiss Park em Campinas"}]},{"@type":"WebSite","@id":"https:\/\/italicohomes.com\/#website","url":"https:\/\/italicohomes.com\/","name":"Italico Special Homes","description":"Arquitetura e Design","publisher":{"@id":"https:\/\/italicohomes.com\/#organization"},"potentialAction":[{"@type":"SearchAction","target":{"@type":"EntryPoint","urlTemplate":"https:\/\/italicohomes.com\/?s={search_term_string}"},"query-input":{"@type":"PropertyValueSpecification","valueRequired":true,"valueName":"search_term_string"}}],"inLanguage":"en-US"},{"@type":"Organization","@id":"https:\/\/italicohomes.com\/#organization","name":"Italico Special Homes","url":"https:\/\/italicohomes.com\/","logo":{"@type":"ImageObject","inLanguage":"en-US","@id":"https:\/\/italicohomes.com\/#\/schema\/logo\/image\/","url":"https:\/\/italicohomes.com\/wp-content\/uploads\/2021\/08\/logo.png","contentUrl":"https:\/\/italicohomes.com\/wp-content\/uploads\/2021\/08\/logo.png","width":122,"height":65,"caption":"Italico Special Homes"},"image":{"@id":"https:\/\/italicohomes.com\/#\/schema\/logo\/image\/"},"sameAs":["https:\/\/www.facebook.com\/italicohomes","https:\/\/www.instagram.com\/italicohomes\/?hl=pt-br","https:\/\/www.youtube.com\/channel\/UCmtxxoFYZuBOKKmHIc9kaWw"]},{"@type":"Person","@id":"https:\/\/italicohomes.com\/#\/schema\/person\/874ebc0a4d432656ef3f84edf6e5ac10","name":"italicohomes","image":{"@type":"ImageObject","inLanguage":"en-US","@id":"https:\/\/secure.gravatar.com\/avatar\/0702c07f32aa7c364f44823a9a88cc772d4ca8e51d387e91823081b20b3bf37e?s=96&d=mm&r=g","url":"https:\/\/secure.gravatar.com\/avatar\/0702c07f32aa7c364f44823a9a88cc772d4ca8e51d387e91823081b20b3bf37e?s=96&d=mm&r=g","contentUrl":"https:\/\/secure.gravatar.com\/avatar\/0702c07f32aa7c364f44823a9a88cc772d4ca8e51d387e91823081b20b3bf37e?s=96&d=mm&r=g","caption":"italicohomes"}}]}},"_links":{"self":[{"href":"https:\/\/italicohomes.com\/en\/wp-json\/wp\/v2\/posts\/18276","targetHints":{"allow":["GET"]}}],"collection":[{"href":"https:\/\/italicohomes.com\/en\/wp-json\/wp\/v2\/posts"}],"about":[{"href":"https:\/\/italicohomes.com\/en\/wp-json\/wp\/v2\/types\/post"}],"author":[{"embeddable":true,"href":"https:\/\/italicohomes.com\/en\/wp-json\/wp\/v2\/users\/2"}],"replies":[{"embeddable":true,"href":"https:\/\/italicohomes.com\/en\/wp-json\/wp\/v2\/comments?post=18276"}],"version-history":[{"count":1,"href":"https:\/\/italicohomes.com\/en\/wp-json\/wp\/v2\/posts\/18276\/revisions"}],"predecessor-version":[{"id":18280,"href":"https:\/\/italicohomes.com\/en\/wp-json\/wp\/v2\/posts\/18276\/revisions\/18280"}],"wp:featuredmedia":[{"embeddable":true,"href":"https:\/\/italicohomes.com\/en\/wp-json\/wp\/v2\/media\/18277"}],"wp:attachment":[{"href":"https:\/\/italicohomes.com\/en\/wp-json\/wp\/v2\/media?parent=18276"}],"wp:term":[{"taxonomy":"category","embeddable":true,"href":"https:\/\/italicohomes.com\/en\/wp-json\/wp\/v2\/categories?post=18276"},{"taxonomy":"post_tag","embeddable":true,"href":"https:\/\/italicohomes.com\/en\/wp-json\/wp\/v2\/tags?post=18276"}],"curies":[{"name":"wp","href":"https:\/\/api.w.org\/{rel}","templated":true}]}}